{"id":97324,"date":"2019-07-19T16:28:20","date_gmt":"2019-07-19T14:28:20","guid":{"rendered":"https:\/\/zjarr.tv\/?p=97324"},"modified":"2019-07-19T16:28:20","modified_gmt":"2019-07-19T14:28:20","slug":"ramush-haradinaj-jep-doreheqjen-si-kryeminister-i-kosoves","status":"publish","type":"post","link":"https:\/\/zjarr.tv\/en\/ramush-haradinaj-jep-doreheqjen-si-kryeminister-i-kosoves\/","title":{"rendered":"Ramush Haradinaj jep dor\u00ebheqjen si kryeminist\u00ebr i Kosov\u00ebs"},"content":{"rendered":"<p>Kryeministri i Kosov\u00ebs Ramush Haradinaj ka dh\u00ebn\u00eb dor\u00ebheqje nga posti i kryeministrit t\u00eb Kosov\u00ebs.<\/p>\n<p>Dor\u00ebheqja \u00ebsht\u00eb dh\u00ebn\u00eb n\u00eb p\u00ebrfundim t\u00eb mbledhjes s\u00eb Qeveris\u00eb ku ka b\u00ebr\u00eb t\u00eb ditur se ka dh\u00ebn\u00eb dor\u00ebheqje t\u00eb parevokueshme.<\/p>\n<p>Arsye e k\u00ebtij vendimi ka th\u00ebn\u00eb se ka marr\u00eb thirrje p\u00ebr t\u2019u paraqitur p\u00ebr t\u2019u marr\u00eb n\u00eb pyetje n\u00eb Speciale si i dyshuar.<\/p>\n<p>&nbsp;<\/p>","protected":false},"excerpt":{"rendered":"<p>Kryeministri i Kosov\u00ebs Ramush Haradinaj ka dh\u00ebn\u00eb dor\u00ebheqje nga posti i kryeministrit t\u00eb Kosov\u00ebs. Dor\u00ebheqja \u00ebsht\u00eb dh\u00ebn\u00eb n\u00eb p\u00ebrfundim t\u00eb mbledhjes s\u00eb Qeveris\u00eb ku ka b\u00ebr\u00eb t\u00eb ditur se ka dh\u00ebn\u00eb dor\u00ebheqje t\u00eb parevokueshme. Arsye e k\u00ebtij vendimi ka th\u00ebn\u00eb se ka marr\u00eb thirrje p\u00ebr t\u2019u paraqitur p\u00ebr t\u2019u marr\u00eb n\u00eb pyetje n\u00eb Speciale si [&hellip;]<\/p>\n","protected":false},"author":2013,"featured_media":62072,"comment_status":"open","ping_status":"closed","sticky":false,"template":"","format":"standard","meta":{"footnotes":""},"categories":[241,2],"tags":[],"class_list":{"0":"post-97324","1":"post","2":"type-post","3":"status-publish","4":"format-standard","5":"has-post-thumbnail","7":"category-aktualitet","8":"category-rajoni"},"_links":{"self":[{"href":"https:\/\/zjarr.tv\/en\/wp-json\/wp\/v2\/posts\/97324","targetHints":{"allow":["GET"]}}],"collection":[{"href":"https:\/\/zjarr.tv\/en\/wp-json\/wp\/v2\/posts"}],"about":[{"href":"https:\/\/zjarr.tv\/en\/wp-json\/wp\/v2\/types\/post"}],"author":[{"embeddable":true,"href":"https:\/\/zjarr.tv\/en\/wp-json\/wp\/v2\/users\/2013"}],"replies":[{"embeddable":true,"href":"https:\/\/zjarr.tv\/en\/wp-json\/wp\/v2\/comments?post=97324"}],"version-history":[{"count":0,"href":"https:\/\/zjarr.tv\/en\/wp-json\/wp\/v2\/posts\/97324\/revisions"}],"wp:featuredmedia":[{"embeddable":true,"href":"https:\/\/zjarr.tv\/en\/wp-json\/wp\/v2\/media\/62072"}],"wp:attachment":[{"href":"https:\/\/zjarr.tv\/en\/wp-json\/wp\/v2\/media?parent=97324"}],"wp:term":[{"taxonomy":"category","embeddable":true,"href":"https:\/\/zjarr.tv\/en\/wp-json\/wp\/v2\/categories?post=97324"},{"taxonomy":"post_tag","embeddable":true,"href":"https:\/\/zjarr.tv\/en\/wp-json\/wp\/v2\/tags?post=97324"}],"curies":[{"name":"wp","href":"https:\/\/api.w.org\/{rel}","templated":true}]}}