{"id":97328,"date":"2019-07-19T16:50:22","date_gmt":"2019-07-19T14:50:22","guid":{"rendered":"https:\/\/zjarr.tv\/?p=97328"},"modified":"2019-07-19T16:50:22","modified_gmt":"2019-07-19T14:50:22","slug":"ramush-haradinaj-ka-dhene-doreheqje-nga-posti-i-kryeministrit-sepse-eshte-ftuar-ne-cilesine-e-te-dyshuarit-nga-gjykata-speciale","status":"publish","type":"post","link":"https:\/\/zjarr.tv\/en\/ramush-haradinaj-ka-dhene-doreheqje-nga-posti-i-kryeministrit-sepse-eshte-ftuar-ne-cilesine-e-te-dyshuarit-nga-gjykata-speciale\/","title":{"rendered":"Ramush Haradinaj ka dh\u00ebn\u00eb dor\u00ebheqje nga posti i kryeministrit sepse \u00ebsht\u00eb ftuar n\u00eb cil\u00ebsin\u00eb e t\u00eb dyshuarit nga Gjykata Speciale."},"content":{"rendered":"<p>Lajmin p\u00ebr publikun e ka b\u00ebr\u00eb t\u00eb ditur vet\u00eb Haradinaj n\u00eb nj\u00eb konferenc\u00eb p\u00ebr media, pas mbledhjes s\u00eb qeveris\u00eb.<\/p>\n<p>Gjat\u00eb konferenc\u00ebs Haradinaj ka th\u00ebn\u00eb se ka pranuar nj\u00eb ftes\u00eb nga dhomat e specializuara t\u00eb Gjykat\u00ebs Speciale si i dyshuar dhe i \u00ebsht\u00eb ofruar mund\u00ebsia q\u00eb t\u00eb shkoj\u00eb si i pari i Qeveris\u00eb apo si qytetar i zakonsh\u00ebm i Kosov\u00ebs.<\/p>\n<p>Nd\u00ebrkoh\u00eb q\u00eb gjat\u00eb konferenc\u00ebs nuk kan\u00eb munguar as lot\u00ebt nga Haradinaj.<\/p>\n<p>&nbsp;<\/p>","protected":false},"excerpt":{"rendered":"<p>Lajmin p\u00ebr publikun e ka b\u00ebr\u00eb t\u00eb ditur vet\u00eb Haradinaj n\u00eb nj\u00eb konferenc\u00eb p\u00ebr media, pas mbledhjes s\u00eb qeveris\u00eb. Gjat\u00eb konferenc\u00ebs Haradinaj ka th\u00ebn\u00eb se ka pranuar nj\u00eb ftes\u00eb nga dhomat e specializuara t\u00eb Gjykat\u00ebs Speciale si i dyshuar dhe i \u00ebsht\u00eb ofruar mund\u00ebsia q\u00eb t\u00eb shkoj\u00eb si i pari i Qeveris\u00eb apo si qytetar [&hellip;]<\/p>\n","protected":false},"author":2013,"featured_media":97329,"comment_status":"open","ping_status":"closed","sticky":false,"template":"","format":"standard","meta":{"footnotes":""},"categories":[241,2],"tags":[],"class_list":{"0":"post-97328","1":"post","2":"type-post","3":"status-publish","4":"format-standard","5":"has-post-thumbnail","7":"category-aktualitet","8":"category-rajoni"},"_links":{"self":[{"href":"https:\/\/zjarr.tv\/en\/wp-json\/wp\/v2\/posts\/97328","targetHints":{"allow":["GET"]}}],"collection":[{"href":"https:\/\/zjarr.tv\/en\/wp-json\/wp\/v2\/posts"}],"about":[{"href":"https:\/\/zjarr.tv\/en\/wp-json\/wp\/v2\/types\/post"}],"author":[{"embeddable":true,"href":"https:\/\/zjarr.tv\/en\/wp-json\/wp\/v2\/users\/2013"}],"replies":[{"embeddable":true,"href":"https:\/\/zjarr.tv\/en\/wp-json\/wp\/v2\/comments?post=97328"}],"version-history":[{"count":0,"href":"https:\/\/zjarr.tv\/en\/wp-json\/wp\/v2\/posts\/97328\/revisions"}],"wp:featuredmedia":[{"embeddable":true,"href":"https:\/\/zjarr.tv\/en\/wp-json\/wp\/v2\/media\/97329"}],"wp:attachment":[{"href":"https:\/\/zjarr.tv\/en\/wp-json\/wp\/v2\/media?parent=97328"}],"wp:term":[{"taxonomy":"category","embeddable":true,"href":"https:\/\/zjarr.tv\/en\/wp-json\/wp\/v2\/categories?post=97328"},{"taxonomy":"post_tag","embeddable":true,"href":"https:\/\/zjarr.tv\/en\/wp-json\/wp\/v2\/tags?post=97328"}],"curies":[{"name":"wp","href":"https:\/\/api.w.org\/{rel}","templated":true}]}}