{"id":97331,"date":"2019-07-19T16:53:13","date_gmt":"2019-07-19T14:53:13","guid":{"rendered":"https:\/\/zjarr.tv\/?p=97331"},"modified":"2019-07-19T16:53:13","modified_gmt":"2019-07-19T14:53:13","slug":"krim-ne-familje-burri-vr-et-gruan-qellon-edhe-femijen","status":"publish","type":"post","link":"https:\/\/zjarr.tv\/en\/krim-ne-familje-burri-vr-et-gruan-qellon-edhe-femijen\/","title":{"rendered":"Krim n\u00eb familje, burri vr.et gruan, q\u00ebllon edhe f\u00ebmij\u00ebn"},"content":{"rendered":"<p>Nj\u00eb krim i r\u00ebnd\u00eb ka ndodhur n\u00eb or\u00ebt e pasdites n\u00eb nj\u00eb familje n\u00eb Durr\u00ebs. Burrika goditur me sende t\u00eb ftohta gruan dhe m\u00eb pas ka q\u00eblluar edhe f\u00ebmij\u00ebn e tij.<\/p>\n<p>Si pasoj\u00eb e k\u00ebsaj ngjarje, ka mbetur e vrar\u00eb bashk\u00ebshortja e cila \u00ebsht\u00eb q\u00eblluar me thik\u00eb pran\u00eb zemr\u00ebs.<\/p>\n<p>Nd\u00ebrkoh\u00eb q\u00eb ka mbetur i plagosur f\u00ebmija i mitur<\/p>\n<p>Ngjarja ka ndodhur n\u00eb lagjen nr 13 n\u00eb Durr\u00ebs.<\/p>\n<p>30 vje\u00e7arja A.\u00a0K ka nd\u00ebrruar jet\u00eb n\u00eb spitalin e Durr\u00ebsit<\/p>","protected":false},"excerpt":{"rendered":"<p>Nj\u00eb krim i r\u00ebnd\u00eb ka ndodhur n\u00eb or\u00ebt e pasdites n\u00eb nj\u00eb familje n\u00eb Durr\u00ebs. Burrika goditur me sende t\u00eb ftohta gruan dhe m\u00eb pas ka q\u00eblluar edhe f\u00ebmij\u00ebn e tij. Si pasoj\u00eb e k\u00ebsaj ngjarje, ka mbetur e vrar\u00eb bashk\u00ebshortja e cila \u00ebsht\u00eb q\u00eblluar me thik\u00eb pran\u00eb zemr\u00ebs. Nd\u00ebrkoh\u00eb q\u00eb ka mbetur i plagosur [&hellip;]<\/p>\n","protected":false},"author":2013,"featured_media":38161,"comment_status":"open","ping_status":"closed","sticky":false,"template":"","format":"standard","meta":{"footnotes":""},"categories":[241,235],"tags":[],"class_list":{"0":"post-97331","1":"post","2":"type-post","3":"status-publish","4":"format-standard","5":"has-post-thumbnail","7":"category-aktualitet","8":"category-vendi"},"_links":{"self":[{"href":"https:\/\/zjarr.tv\/en\/wp-json\/wp\/v2\/posts\/97331","targetHints":{"allow":["GET"]}}],"collection":[{"href":"https:\/\/zjarr.tv\/en\/wp-json\/wp\/v2\/posts"}],"about":[{"href":"https:\/\/zjarr.tv\/en\/wp-json\/wp\/v2\/types\/post"}],"author":[{"embeddable":true,"href":"https:\/\/zjarr.tv\/en\/wp-json\/wp\/v2\/users\/2013"}],"replies":[{"embeddable":true,"href":"https:\/\/zjarr.tv\/en\/wp-json\/wp\/v2\/comments?post=97331"}],"version-history":[{"count":0,"href":"https:\/\/zjarr.tv\/en\/wp-json\/wp\/v2\/posts\/97331\/revisions"}],"wp:featuredmedia":[{"embeddable":true,"href":"https:\/\/zjarr.tv\/en\/wp-json\/wp\/v2\/media\/38161"}],"wp:attachment":[{"href":"https:\/\/zjarr.tv\/en\/wp-json\/wp\/v2\/media?parent=97331"}],"wp:term":[{"taxonomy":"category","embeddable":true,"href":"https:\/\/zjarr.tv\/en\/wp-json\/wp\/v2\/categories?post=97331"},{"taxonomy":"post_tag","embeddable":true,"href":"https:\/\/zjarr.tv\/en\/wp-json\/wp\/v2\/tags?post=97331"}],"curies":[{"name":"wp","href":"https:\/\/api.w.org\/{rel}","templated":true}]}}