{"id":97338,"date":"2019-07-19T17:05:00","date_gmt":"2019-07-19T15:05:00","guid":{"rendered":"https:\/\/zjarr.tv\/?p=97338"},"modified":"2019-07-19T17:05:00","modified_gmt":"2019-07-19T15:05:00","slug":"negociatat-presidentja-e-ke-pro-hapjes-ti-japim-doren-shqiperise","status":"publish","type":"post","link":"https:\/\/zjarr.tv\/en\/negociatat-presidentja-e-ke-pro-hapjes-ti-japim-doren-shqiperise\/","title":{"rendered":"Negociatat, Presidentja e KE: Pro hapjes, t\u2019i japim dor\u00ebn Shqip\u00ebris\u00eb"},"content":{"rendered":"<p>Presidentja e sapozgjedhur e KE-s\u00eb Ursula Von der Leyen \u00ebsht\u00eb shprehur pro hapjes s\u00eb negociatave p\u00ebr an\u00ebtar\u00ebsim p\u00ebr Shqip\u00ebrin\u00eb dhe Maqedonin\u00eb e Veriut. Duke folur p\u00ebr \u201cSpiegel\u201d, Von del Leyen tha se BE duhet t\u2019i jap\u00eb dor\u00ebn Shqip\u00ebris\u00eb pasi n\u00ebse mbyllen dyert d\u00ebmtohet vet\u00eb Europa.<\/p>\n<p>\u201cJam n\u00eb favor t\u00eb hapjes s\u00eb negociatave. Ne duhet t\u00eb hapim negociatat e pranimit me vendet sapo K\u00ebshilli Evropian t\u00eb arrij\u00eb n\u00eb p\u00ebrfundimin se kriteret jan\u00eb p\u00ebrmbushur. Ne duhet t\u2019i japim dor\u00ebn Shqip\u00ebris\u00eb. Ne duhet t\u00eb shtr\u00ebngojm\u00eb dor\u00ebn ton\u00eb ndaj k\u00ebtyre shteteve, ne ndajm\u00eb t\u00eb nj\u00ebjtin kontinent, t\u00eb nj\u00ebjt\u00ebn histori, ne jemi fqinj\u00eb dhe n\u00ebse e mbyllim der\u00ebn p\u00ebr k\u00ebt\u00eb rajon, d\u00ebmtojm\u00eb veten\u201d, ka deklaruar Von der Leyen.<\/p>\n<p>Sipas \u201cSpiegel\u201d BE u ka ofruar disa vende t\u00eb Ballkanit Per\u00ebndimor perspektivat e pranimit p\u00ebr vitin 2025, por ka shtyr\u00eb koh\u00ebt e fundit fillimin e negociatave p\u00ebr Maqedonin\u00eb e Veriut dhe Shqip\u00ebrin\u00eb.<\/p>","protected":false},"excerpt":{"rendered":"<p>Presidentja e sapozgjedhur e KE-s\u00eb Ursula Von der Leyen \u00ebsht\u00eb shprehur pro hapjes s\u00eb negociatave p\u00ebr an\u00ebtar\u00ebsim p\u00ebr Shqip\u00ebrin\u00eb dhe Maqedonin\u00eb e Veriut. Duke folur p\u00ebr \u201cSpiegel\u201d, Von del Leyen tha se BE duhet t\u2019i jap\u00eb dor\u00ebn Shqip\u00ebris\u00eb pasi n\u00ebse mbyllen dyert d\u00ebmtohet vet\u00eb Europa. \u201cJam n\u00eb favor t\u00eb hapjes s\u00eb negociatave. Ne duhet t\u00eb [&hellip;]<\/p>\n","protected":false},"author":2013,"featured_media":95575,"comment_status":"open","ping_status":"closed","sticky":false,"template":"","format":"standard","meta":{"footnotes":""},"categories":[241,235],"tags":[],"class_list":{"0":"post-97338","1":"post","2":"type-post","3":"status-publish","4":"format-standard","5":"has-post-thumbnail","7":"category-aktualitet","8":"category-vendi"},"_links":{"self":[{"href":"https:\/\/zjarr.tv\/en\/wp-json\/wp\/v2\/posts\/97338","targetHints":{"allow":["GET"]}}],"collection":[{"href":"https:\/\/zjarr.tv\/en\/wp-json\/wp\/v2\/posts"}],"about":[{"href":"https:\/\/zjarr.tv\/en\/wp-json\/wp\/v2\/types\/post"}],"author":[{"embeddable":true,"href":"https:\/\/zjarr.tv\/en\/wp-json\/wp\/v2\/users\/2013"}],"replies":[{"embeddable":true,"href":"https:\/\/zjarr.tv\/en\/wp-json\/wp\/v2\/comments?post=97338"}],"version-history":[{"count":0,"href":"https:\/\/zjarr.tv\/en\/wp-json\/wp\/v2\/posts\/97338\/revisions"}],"wp:featuredmedia":[{"embeddable":true,"href":"https:\/\/zjarr.tv\/en\/wp-json\/wp\/v2\/media\/95575"}],"wp:attachment":[{"href":"https:\/\/zjarr.tv\/en\/wp-json\/wp\/v2\/media?parent=97338"}],"wp:term":[{"taxonomy":"category","embeddable":true,"href":"https:\/\/zjarr.tv\/en\/wp-json\/wp\/v2\/categories?post=97338"},{"taxonomy":"post_tag","embeddable":true,"href":"https:\/\/zjarr.tv\/en\/wp-json\/wp\/v2\/tags?post=97338"}],"curies":[{"name":"wp","href":"https:\/\/api.w.org\/{rel}","templated":true}]}}