{"id":97340,"date":"2019-07-19T17:06:26","date_gmt":"2019-07-19T15:06:26","guid":{"rendered":"https:\/\/zjarr.tv\/?p=97340"},"modified":"2019-07-19T17:06:26","modified_gmt":"2019-07-19T15:06:26","slug":"komuniteti-rom-dhe-egjiptian-ne-proteste-per-dritat","status":"publish","type":"post","link":"https:\/\/zjarr.tv\/en\/komuniteti-rom-dhe-egjiptian-ne-proteste-per-dritat\/","title":{"rendered":"Komuniteti rom dhe egjiptian n\u00eb protest\u00eb p\u00ebr dritat"},"content":{"rendered":"<p>&#8220;I them Ram\u00ebs t\u00eb m\u00eb lidh\u00eb dritat se nuk kam. Jam fukaresh\u00eb.&#8221;<\/p>\n<p>Prej 17 vitesh Dilja nuk ka energji elektrike n\u00eb banes\u00eb. \u00cbsht\u00eb kryefamiljare dhe shtat\u00eb f\u00ebmij\u00ebt e saj kan\u00eb lindur dhe jan\u00eb rritur n\u00eb terr.<\/p>\n<p><strong>Protestuese:\u00a0<\/strong><em>&#8220;Nuk mundem ti paguaj dritat dhe t\u00eb b\u00ebj kontrat\u00ebn se nuk kam lek\u00eb, me nj\u00eb p\u00ebrkrahje q\u00eb marr 65 mij\u00eb lek\u00eb nuk m\u00eb del.&#8221;<\/em><\/p>\n<p>Ajo vjen nga qyteti i C\u00ebrrikut p\u00ebr t\u00eb protestuar n\u00eb Tiran\u00eb p\u00ebrkrah\u00eb an\u00ebtar\u00ebve t\u00eb komunitetit rom dhe egjiptian nga Berati, Kor\u00e7a, Fieri dhe Elbasani.<\/p>\n<p>Energjin\u00eb elektrike nuk ka mund\u00ebsi ta paguaj ndaj k\u00ebrkon leht\u00ebsi nga shteti.<\/p>\n<p><strong>Protestuese:\u00a0<\/strong><em>&#8220;Gjith\u00e7ka e b\u00ebj me qiri. Vendin e shtroj me qiri, gjell\u00ebn e b\u00ebj me qiri dhe buk\u00ebn e ha me qiri.&#8221;<\/em><\/p>\n<p>Protestuesit thon\u00eb se ndihen t\u00eb diskriminuar dhe jetojn\u00eb n\u00eb kushte t\u00eb mjerueshme. P\u00ebrve\u00e7 dritave probleme kan\u00eb me strehimin dhe papun\u00ebsin\u00eb.<\/p>\n<p><strong>Protestuese:\u00a0<\/strong><em>&#8220;Skam sht\u00ebpi, vet\u00ebm nj\u00eb kasolle me mushama.&#8221;<\/em><\/p>\n<p>Aktivist\u00ebt e komunitetit rom thon\u00eb se ligji i vitit 2015 \u201c P\u00ebr sektorin e energjis\u00eb elektrike\u201d q\u00eb u kompenson 210 k\u00eb familjeve n\u00eb nevoj\u00eb nuk zbatohet p\u00ebr shkak t\u00eb mosmiratimit t\u00eb nj\u00eb VKM-je.<\/p>\n<p><strong>Aktiviste:<\/strong>\u00a0&#8220;Nuk k\u00ebrkojm\u00eb energji falas, nuk k\u00ebrkojn\u00eb tu falen debit\u00eb por shteti ofron skema mb\u00ebshtet\u00ebse. 210 k\u00eb falas p\u00ebr \u00e7do familje t\u00eb varf\u00ebr nuk i kushton asgj\u00eb k\u00ebtij shteti.&#8221;<\/p>\n<p>P\u00ebr k\u00ebt\u00eb \u00e7\u00ebshtje \u00ebsht\u00eb nd\u00ebrmarr\u00eb edhe nj\u00eb peticion, i firmosur nga 2 500 persona dhe q\u00eb \u00ebsht\u00eb dor\u00ebzuar n\u00eb Kryeministri.<\/p>\n<p>&nbsp;<\/p>","protected":false},"excerpt":{"rendered":"<p>&#8220;I them Ram\u00ebs t\u00eb m\u00eb lidh\u00eb dritat se nuk kam. Jam fukaresh\u00eb.&#8221; Prej 17 vitesh Dilja nuk ka energji elektrike n\u00eb banes\u00eb. \u00cbsht\u00eb kryefamiljare dhe shtat\u00eb f\u00ebmij\u00ebt e saj kan\u00eb lindur dhe jan\u00eb rritur n\u00eb terr. Protestuese:\u00a0&#8220;Nuk mundem ti paguaj dritat dhe t\u00eb b\u00ebj kontrat\u00ebn se nuk kam lek\u00eb, me nj\u00eb p\u00ebrkrahje q\u00eb marr 65 [&hellip;]<\/p>\n","protected":false},"author":2013,"featured_media":97341,"comment_status":"open","ping_status":"closed","sticky":false,"template":"","format":"standard","meta":{"footnotes":""},"categories":[241,2],"tags":[],"class_list":{"0":"post-97340","1":"post","2":"type-post","3":"status-publish","4":"format-standard","5":"has-post-thumbnail","7":"category-aktualitet","8":"category-rajoni"},"_links":{"self":[{"href":"https:\/\/zjarr.tv\/en\/wp-json\/wp\/v2\/posts\/97340","targetHints":{"allow":["GET"]}}],"collection":[{"href":"https:\/\/zjarr.tv\/en\/wp-json\/wp\/v2\/posts"}],"about":[{"href":"https:\/\/zjarr.tv\/en\/wp-json\/wp\/v2\/types\/post"}],"author":[{"embeddable":true,"href":"https:\/\/zjarr.tv\/en\/wp-json\/wp\/v2\/users\/2013"}],"replies":[{"embeddable":true,"href":"https:\/\/zjarr.tv\/en\/wp-json\/wp\/v2\/comments?post=97340"}],"version-history":[{"count":0,"href":"https:\/\/zjarr.tv\/en\/wp-json\/wp\/v2\/posts\/97340\/revisions"}],"wp:featuredmedia":[{"embeddable":true,"href":"https:\/\/zjarr.tv\/en\/wp-json\/wp\/v2\/media\/97341"}],"wp:attachment":[{"href":"https:\/\/zjarr.tv\/en\/wp-json\/wp\/v2\/media?parent=97340"}],"wp:term":[{"taxonomy":"category","embeddable":true,"href":"https:\/\/zjarr.tv\/en\/wp-json\/wp\/v2\/categories?post=97340"},{"taxonomy":"post_tag","embeddable":true,"href":"https:\/\/zjarr.tv\/en\/wp-json\/wp\/v2\/tags?post=97340"}],"curies":[{"name":"wp","href":"https:\/\/api.w.org\/{rel}","templated":true}]}}