{"id":97350,"date":"2019-07-19T17:14:41","date_gmt":"2019-07-19T15:14:41","guid":{"rendered":"https:\/\/zjarr.tv\/?p=97350"},"modified":"2019-07-19T17:14:41","modified_gmt":"2019-07-19T15:14:41","slug":"keto-ishin-fjalet-e-haradinajt-pas-doreheqjes-ne-vitin-2005","status":"publish","type":"post","link":"https:\/\/zjarr.tv\/en\/keto-ishin-fjalet-e-haradinajt-pas-doreheqjes-ne-vitin-2005\/","title":{"rendered":"K\u00ebto ishin fjal\u00ebt e Haradinajt pas dor\u00ebheqjes n\u00eb vitin 2005"},"content":{"rendered":"<p>Sot ishte dita e fundit e Ramush Haradinajt n\u00eb pozit\u00ebn e kryeministrit t\u00eb Kosov\u00ebs.<\/p>\n<p>Pas ftes\u00ebs q\u00eb mori p\u00ebr intervistim nga Gjykata Speciale, Haradinaj dha dor\u00ebheqje t\u00eb parevokueshme nga pozita e shefit t\u00eb qeveris\u00eb.<\/p>\n<p>Kjo nuk \u00ebsht\u00eb hera e par\u00eb q\u00eb lideri i AAK-s\u00eb l\u00ebshon pozit\u00ebn e kryeministrit. Nj\u00ebjt\u00eb kishte vepruar edhe m\u00eb 2005, pasi ishte ftuar nga prokuror\u00ebt e Hag\u00ebs.<\/p>\n<p>N\u00eb fjalimin e tij ku kishte dh\u00ebn\u00eb dor\u00ebheqje Haradinaj kishte th\u00ebn\u00eb se ai moment paraqiste nj\u00eb nga dit\u00ebt m\u00eb t\u00eb v\u00ebshtira t\u00eb jet\u00ebs s\u00eb tij.<\/p>\n<p>\u201cKjo \u00ebsht\u00eb nj\u00eb prej dit\u00ebve m\u00eb t\u00eb v\u00ebshtira t\u00eb mia, por liria ka \u00e7mim t\u00eb lart\u00eb dhe un\u00eb jet\u00ebn time kam pasur edhe dit\u00eb t\u00eb tjera t\u00eb v\u00ebshtira\u201d, qe shprehur\u00a0 Haradinaj.<\/p>\n<p>Haradinaj m\u00eb tej kishte th\u00ebn\u00eb se do t\u00eb p\u00ebrballej me akuzat ndaj tij dhe i pati b\u00ebr\u00eb thirrje popullit t\u00eb Kosov\u00ebs ta pranonin k\u00ebt\u00eb vendim.<\/p>\n<p>\u201cK\u00ebrkoj nga ju q\u00eb ta pranoni k\u00ebt\u00eb fat, k\u00ebrkoj nga ju q\u00eb t\u00eb pranoni gjith\u00e7ka, q\u00eb \u00ebsht\u00eb gati e pamundshme p\u00ebr t\u2019u pranuar, por b\u00ebjeni k\u00ebt\u00eb p\u00ebr t\u2019i b\u00ebr\u00eb nder vendit edhe kombit\u201d, pati n\u00ebnvizuar ish-kryeministri i Kosov\u00ebs.<\/p>\n<p>Haradinaj at\u00eb koh\u00eb n\u00eb pozit\u00ebn e kryeministrit kishte q\u00ebndruar rreth 100 dit\u00eb.<\/p>\n<p>&nbsp;<\/p>","protected":false},"excerpt":{"rendered":"<p>Sot ishte dita e fundit e Ramush Haradinajt n\u00eb pozit\u00ebn e kryeministrit t\u00eb Kosov\u00ebs. Pas ftes\u00ebs q\u00eb mori p\u00ebr intervistim nga Gjykata Speciale, Haradinaj dha dor\u00ebheqje t\u00eb parevokueshme nga pozita e shefit t\u00eb qeveris\u00eb. Kjo nuk \u00ebsht\u00eb hera e par\u00eb q\u00eb lideri i AAK-s\u00eb l\u00ebshon pozit\u00ebn e kryeministrit. Nj\u00ebjt\u00eb kishte vepruar edhe m\u00eb 2005, pasi [&hellip;]<\/p>\n","protected":false},"author":2013,"featured_media":97351,"comment_status":"open","ping_status":"closed","sticky":false,"template":"","format":"standard","meta":{"footnotes":""},"categories":[241,2],"tags":[],"class_list":{"0":"post-97350","1":"post","2":"type-post","3":"status-publish","4":"format-standard","5":"has-post-thumbnail","7":"category-aktualitet","8":"category-rajoni"},"_links":{"self":[{"href":"https:\/\/zjarr.tv\/en\/wp-json\/wp\/v2\/posts\/97350","targetHints":{"allow":["GET"]}}],"collection":[{"href":"https:\/\/zjarr.tv\/en\/wp-json\/wp\/v2\/posts"}],"about":[{"href":"https:\/\/zjarr.tv\/en\/wp-json\/wp\/v2\/types\/post"}],"author":[{"embeddable":true,"href":"https:\/\/zjarr.tv\/en\/wp-json\/wp\/v2\/users\/2013"}],"replies":[{"embeddable":true,"href":"https:\/\/zjarr.tv\/en\/wp-json\/wp\/v2\/comments?post=97350"}],"version-history":[{"count":0,"href":"https:\/\/zjarr.tv\/en\/wp-json\/wp\/v2\/posts\/97350\/revisions"}],"wp:featuredmedia":[{"embeddable":true,"href":"https:\/\/zjarr.tv\/en\/wp-json\/wp\/v2\/media\/97351"}],"wp:attachment":[{"href":"https:\/\/zjarr.tv\/en\/wp-json\/wp\/v2\/media?parent=97350"}],"wp:term":[{"taxonomy":"category","embeddable":true,"href":"https:\/\/zjarr.tv\/en\/wp-json\/wp\/v2\/categories?post=97350"},{"taxonomy":"post_tag","embeddable":true,"href":"https:\/\/zjarr.tv\/en\/wp-json\/wp\/v2\/tags?post=97350"}],"curies":[{"name":"wp","href":"https:\/\/api.w.org\/{rel}","templated":true}]}}