{"id":97353,"date":"2019-07-19T17:16:52","date_gmt":"2019-07-19T15:16:52","guid":{"rendered":"https:\/\/zjarr.tv\/?p=97353"},"modified":"2019-07-19T17:16:52","modified_gmt":"2019-07-19T15:16:52","slug":"vlora-citaku-reagon-pas-doreheqjes-se-haradinajt","status":"publish","type":"post","link":"https:\/\/zjarr.tv\/en\/vlora-citaku-reagon-pas-doreheqjes-se-haradinajt\/","title":{"rendered":"Vlora \u00c7itaku reagon pas dor\u00ebheqjes s\u00eb Haradinajt"},"content":{"rendered":"<p>Ambasadorja e Kosov\u00ebs n\u00eb Shtetet e Bashkuara t\u00eb Amerik\u00ebs, Vlora \u00c7itaku ka reaguar pas vendimin t\u00eb kryeministrit Haradinaj p\u00ebr dor\u00ebheqje nga posti i kryeministri.<\/p>\n<p>Ajo n\u00eb &#8220;Facebook&#8221; ka th\u00ebn\u00eb q\u00eb thirrja q\u00eb i ka b\u00ebr\u00eb Gjykata Speciale Haradinajt \u00ebsht\u00eb padrejt\u00ebsi.<\/p>\n<p>&#8220;Kjo nuk \u00ebsht\u00eb drejt\u00ebsi.#RamushHaradinaj&#8221;, ka shkruar \u00c7itaku<\/p>\n<p>&nbsp;<\/p>","protected":false},"excerpt":{"rendered":"<p>Ambasadorja e Kosov\u00ebs n\u00eb Shtetet e Bashkuara t\u00eb Amerik\u00ebs, Vlora \u00c7itaku ka reaguar pas vendimin t\u00eb kryeministrit Haradinaj p\u00ebr dor\u00ebheqje nga posti i kryeministri. Ajo n\u00eb &#8220;Facebook&#8221; ka th\u00ebn\u00eb q\u00eb thirrja q\u00eb i ka b\u00ebr\u00eb Gjykata Speciale Haradinajt \u00ebsht\u00eb padrejt\u00ebsi. &#8220;Kjo nuk \u00ebsht\u00eb drejt\u00ebsi.#RamushHaradinaj&#8221;, ka shkruar \u00c7itaku &nbsp;<\/p>","protected":false},"author":2013,"featured_media":88228,"comment_status":"open","ping_status":"closed","sticky":false,"template":"","format":"standard","meta":{"footnotes":""},"categories":[241,2],"tags":[],"class_list":{"0":"post-97353","1":"post","2":"type-post","3":"status-publish","4":"format-standard","5":"has-post-thumbnail","7":"category-aktualitet","8":"category-rajoni"},"_links":{"self":[{"href":"https:\/\/zjarr.tv\/en\/wp-json\/wp\/v2\/posts\/97353","targetHints":{"allow":["GET"]}}],"collection":[{"href":"https:\/\/zjarr.tv\/en\/wp-json\/wp\/v2\/posts"}],"about":[{"href":"https:\/\/zjarr.tv\/en\/wp-json\/wp\/v2\/types\/post"}],"author":[{"embeddable":true,"href":"https:\/\/zjarr.tv\/en\/wp-json\/wp\/v2\/users\/2013"}],"replies":[{"embeddable":true,"href":"https:\/\/zjarr.tv\/en\/wp-json\/wp\/v2\/comments?post=97353"}],"version-history":[{"count":0,"href":"https:\/\/zjarr.tv\/en\/wp-json\/wp\/v2\/posts\/97353\/revisions"}],"wp:featuredmedia":[{"embeddable":true,"href":"https:\/\/zjarr.tv\/en\/wp-json\/wp\/v2\/media\/88228"}],"wp:attachment":[{"href":"https:\/\/zjarr.tv\/en\/wp-json\/wp\/v2\/media?parent=97353"}],"wp:term":[{"taxonomy":"category","embeddable":true,"href":"https:\/\/zjarr.tv\/en\/wp-json\/wp\/v2\/categories?post=97353"},{"taxonomy":"post_tag","embeddable":true,"href":"https:\/\/zjarr.tv\/en\/wp-json\/wp\/v2\/tags?post=97353"}],"curies":[{"name":"wp","href":"https:\/\/api.w.org\/{rel}","templated":true}]}}