{"id":97357,"date":"2019-07-19T17:30:06","date_gmt":"2019-07-19T15:30:06","guid":{"rendered":"https:\/\/zjarr.tv\/?p=97357"},"modified":"2019-07-19T17:30:06","modified_gmt":"2019-07-19T15:30:06","slug":"shuhet-legjenda-e-tiranes-fatmir-frasheri-meta-i-paharruar-kujtimi-yt-profesor","status":"publish","type":"post","link":"https:\/\/zjarr.tv\/en\/shuhet-legjenda-e-tiranes-fatmir-frasheri-meta-i-paharruar-kujtimi-yt-profesor\/","title":{"rendered":"Shuhet legjenda e Tiran\u00ebs Fatmir Frash\u00ebri\/ Meta: I paharruar kujtimi yt Profesor!"},"content":{"rendered":"<p>Futbolli shqiptar dhe ve\u00e7an\u00ebrisht klubi i Tiran\u00ebs sot \u00ebsht\u00eb n\u00eb zi, pasi ndahet nga jeta i madhi Fatmir Frash\u00ebri.<\/p>\n<p>Frash\u00ebri, nj\u00eb nga kolos\u00ebt e futbollit bardheblu dhe nj\u00eb pjes\u00eb e historis\u00eb s\u00eb 24-her\u00eb kampion\u00ebve dhe futbollit shqiptar u nda nga jeta n\u00eb mosh\u00ebn 78-vje\u00e7are.<\/p>\n<p>Lidhur me ndarjen nga jeta t\u00eb Frash\u00ebrit ka reaguar edhe presidenti Ilir Meta.<\/p>\n<p>\u201cMe hidh\u00ebrim t\u00eb madh m\u00ebsova lajmin e trisht\u00eb t\u00eb ndarjes sot nga jeta t\u00eb kampionit ton\u00eb t\u00eb madh e t\u00eb pap\u00ebrs\u00ebritsh\u00ebm tiranas, si n\u00eb fush\u00eb e n\u00eb pankin\u00eb, por edhe jasht\u00eb ambienteve sportive, nj\u00eb prej legjendave t\u00eb futbollit shqiptar, Fatmir Frash\u00ebri!<\/p>\n<p>Familja Frash\u00ebri, q\u00eb i dha aq shum\u00eb personalitete kombit ton\u00eb n\u00eb t\u00eb gjitha fushat, natyrisht q\u00eb do t&#8217;i jepte nj\u00eb gjigand edhe n\u00eb fush\u00ebn e blert\u00eb por edhe si trajner.<\/p>\n<p>Si lojtar, trajner e President dinjitoz i Tiran\u00ebs, Fatmiri yn\u00eb i dashur do t\u00eb mbahet mend p\u00ebrjet\u00eb p\u00ebr virtuozitetin dhe talentin e rrall\u00eb, aq sa me t\u00eb drejt\u00eb p\u00ebr t\u00eb thuhet se nuk ishte futbolli q\u00eb e b\u00ebri t\u00eb madh, por ishte pik\u00ebrisht ai q\u00eb i dha kuptim k\u00ebtij sporti si rrall\u00ebkush, duke qen\u00eb nj\u00ebher\u00ebsh sportist i dalluar dhe intelektual i spikatur!<\/p>\n<p>I ruaj me nostalgji emocionet e takimit ton\u00eb t\u00eb fundit dhe bised\u00ebn e ngroht\u00eb q\u00eb pat\u00ebm, duke uruar s\u00eb bashku p\u00ebr rezultate m\u00eb t\u00eb mira e m\u00eb t\u00eb larta p\u00ebr sportin ton\u00eb! Ndaj uroj q\u00eb amaneti i tij t\u00eb p\u00ebrmbushet nga brezat e rinj t\u00eb sportist\u00ebve tan\u00eb!<\/p>\n<p>Duke ndar\u00eb dhimbjen e thell\u00eb p\u00ebr k\u00ebt\u00eb humbje t\u00eb madhe e t\u00eb paz\u00ebvend\u00ebsueshme, u shpreh ngush\u00ebllimet m\u00eb t\u00eb sinqerta familjes Frash\u00ebri, miqve e bashk\u00ebpun\u00ebtor\u00ebve t\u00eb af\u00ebrt, si edhe t\u00eb gjith\u00eb sportdash\u00ebsve shqiptar\u00eb.<\/p>\n<p>I paharruar kujtimi yt Profesor!\u201d, shkruan Meta n\u00eb mesazhin e tij.<\/p>\n<p>&nbsp;<\/p>","protected":false},"excerpt":{"rendered":"<p>Futbolli shqiptar dhe ve\u00e7an\u00ebrisht klubi i Tiran\u00ebs sot \u00ebsht\u00eb n\u00eb zi, pasi ndahet nga jeta i madhi Fatmir Frash\u00ebri. Frash\u00ebri, nj\u00eb nga kolos\u00ebt e futbollit bardheblu dhe nj\u00eb pjes\u00eb e historis\u00eb s\u00eb 24-her\u00eb kampion\u00ebve dhe futbollit shqiptar u nda nga jeta n\u00eb mosh\u00ebn 78-vje\u00e7are. Lidhur me ndarjen nga jeta t\u00eb Frash\u00ebrit ka reaguar edhe presidenti [&hellip;]<\/p>\n","protected":false},"author":2013,"featured_media":97358,"comment_status":"open","ping_status":"closed","sticky":false,"template":"","format":"standard","meta":{"footnotes":""},"categories":[241,235],"tags":[],"class_list":{"0":"post-97357","1":"post","2":"type-post","3":"status-publish","4":"format-standard","5":"has-post-thumbnail","7":"category-aktualitet","8":"category-vendi"},"_links":{"self":[{"href":"https:\/\/zjarr.tv\/en\/wp-json\/wp\/v2\/posts\/97357","targetHints":{"allow":["GET"]}}],"collection":[{"href":"https:\/\/zjarr.tv\/en\/wp-json\/wp\/v2\/posts"}],"about":[{"href":"https:\/\/zjarr.tv\/en\/wp-json\/wp\/v2\/types\/post"}],"author":[{"embeddable":true,"href":"https:\/\/zjarr.tv\/en\/wp-json\/wp\/v2\/users\/2013"}],"replies":[{"embeddable":true,"href":"https:\/\/zjarr.tv\/en\/wp-json\/wp\/v2\/comments?post=97357"}],"version-history":[{"count":0,"href":"https:\/\/zjarr.tv\/en\/wp-json\/wp\/v2\/posts\/97357\/revisions"}],"wp:featuredmedia":[{"embeddable":true,"href":"https:\/\/zjarr.tv\/en\/wp-json\/wp\/v2\/media\/97358"}],"wp:attachment":[{"href":"https:\/\/zjarr.tv\/en\/wp-json\/wp\/v2\/media?parent=97357"}],"wp:term":[{"taxonomy":"category","embeddable":true,"href":"https:\/\/zjarr.tv\/en\/wp-json\/wp\/v2\/categories?post=97357"},{"taxonomy":"post_tag","embeddable":true,"href":"https:\/\/zjarr.tv\/en\/wp-json\/wp\/v2\/tags?post=97357"}],"curies":[{"name":"wp","href":"https:\/\/api.w.org\/{rel}","templated":true}]}}