{"id":97365,"date":"2019-07-19T17:35:05","date_gmt":"2019-07-19T15:35:05","guid":{"rendered":"https:\/\/zjarr.tv\/?p=97365"},"modified":"2019-07-19T17:35:05","modified_gmt":"2019-07-19T15:35:05","slug":"mediat-serbe-shkruajne-per-doreheqjen-e-haradinajt","status":"publish","type":"post","link":"https:\/\/zjarr.tv\/en\/mediat-serbe-shkruajne-per-doreheqjen-e-haradinajt\/","title":{"rendered":"Mediat serbe shkruajn\u00eb p\u00ebr dor\u00ebheqjen e Haradinajt"},"content":{"rendered":"<p>Dor\u00ebheqja e kryeministrit t\u00eb Kosov\u00ebs, Ramush Haradinaj \u00ebsht\u00eb b\u00ebr\u00eb top lajm n\u00eb mediet serbe.<\/p>\n<p>Ato kan\u00eb shkruar duke iu referuar mediave t\u00eb Kosov\u00ebs p\u00ebr arsyen e Haradinajt p\u00ebr dor\u00ebheqje e q\u00eb \u00ebsht\u00eb ftesa nga Gjykata Spceiale.<\/p>\n<p>Mir\u00ebpo, mediet serbe kan\u00eb pikasur deklarat\u00ebn e Haradinajt ku thot\u00eb se taksa ndaj Serbis\u00eb do t\u00eb q\u00ebndroj dhe k\u00ebt\u00eb e kan\u00eb apostrofuar n\u00eb lajmet e tyre.<\/p>\n<p>Nd\u00ebrkoh\u00eb, Haradinaj \u00ebsht\u00eb ftuar nga Gjykata Speciale si i dyshuar.<\/p>\n<p>&nbsp;<\/p>","protected":false},"excerpt":{"rendered":"<p>Dor\u00ebheqja e kryeministrit t\u00eb Kosov\u00ebs, Ramush Haradinaj \u00ebsht\u00eb b\u00ebr\u00eb top lajm n\u00eb mediet serbe. Ato kan\u00eb shkruar duke iu referuar mediave t\u00eb Kosov\u00ebs p\u00ebr arsyen e Haradinajt p\u00ebr dor\u00ebheqje e q\u00eb \u00ebsht\u00eb ftesa nga Gjykata Spceiale. Mir\u00ebpo, mediet serbe kan\u00eb pikasur deklarat\u00ebn e Haradinajt ku thot\u00eb se taksa ndaj Serbis\u00eb do t\u00eb q\u00ebndroj dhe k\u00ebt\u00eb [&hellip;]<\/p>\n","protected":false},"author":2013,"featured_media":97334,"comment_status":"open","ping_status":"closed","sticky":false,"template":"","format":"standard","meta":{"footnotes":""},"categories":[241,2],"tags":[],"class_list":{"0":"post-97365","1":"post","2":"type-post","3":"status-publish","4":"format-standard","5":"has-post-thumbnail","7":"category-aktualitet","8":"category-rajoni"},"_links":{"self":[{"href":"https:\/\/zjarr.tv\/en\/wp-json\/wp\/v2\/posts\/97365","targetHints":{"allow":["GET"]}}],"collection":[{"href":"https:\/\/zjarr.tv\/en\/wp-json\/wp\/v2\/posts"}],"about":[{"href":"https:\/\/zjarr.tv\/en\/wp-json\/wp\/v2\/types\/post"}],"author":[{"embeddable":true,"href":"https:\/\/zjarr.tv\/en\/wp-json\/wp\/v2\/users\/2013"}],"replies":[{"embeddable":true,"href":"https:\/\/zjarr.tv\/en\/wp-json\/wp\/v2\/comments?post=97365"}],"version-history":[{"count":0,"href":"https:\/\/zjarr.tv\/en\/wp-json\/wp\/v2\/posts\/97365\/revisions"}],"wp:featuredmedia":[{"embeddable":true,"href":"https:\/\/zjarr.tv\/en\/wp-json\/wp\/v2\/media\/97334"}],"wp:attachment":[{"href":"https:\/\/zjarr.tv\/en\/wp-json\/wp\/v2\/media?parent=97365"}],"wp:term":[{"taxonomy":"category","embeddable":true,"href":"https:\/\/zjarr.tv\/en\/wp-json\/wp\/v2\/categories?post=97365"},{"taxonomy":"post_tag","embeddable":true,"href":"https:\/\/zjarr.tv\/en\/wp-json\/wp\/v2\/tags?post=97365"}],"curies":[{"name":"wp","href":"https:\/\/api.w.org\/{rel}","templated":true}]}}