{"id":97367,"date":"2019-07-19T17:36:41","date_gmt":"2019-07-19T15:36:41","guid":{"rendered":"https:\/\/zjarr.tv\/?p=97367"},"modified":"2019-07-19T17:36:41","modified_gmt":"2019-07-19T15:36:41","slug":"ish-ministri-i-haradinajt-godet-me-deklaraten-flet-per-nje-skenar-rreth-doreheqjes-se-kryeministrit","status":"publish","type":"post","link":"https:\/\/zjarr.tv\/en\/ish-ministri-i-haradinajt-godet-me-deklaraten-flet-per-nje-skenar-rreth-doreheqjes-se-kryeministrit\/","title":{"rendered":"Ish ministri i Haradinajt \u2018godet\u2019 me deklarat\u00ebn, flet p\u00ebr nj\u00eb skenar rreth dor\u00ebheqjes s\u00eb kryeministrit"},"content":{"rendered":"<p>Ish ministri i Nismas, Bajram Hasani ka reaguar p\u00ebr dor\u00ebheqjen e kryeminstrit t\u00eb Kosov\u00ebs, Ramush Haradinaj.<\/p>\n<p>Ai ka theksuar se q\u00ebndrimet e Ramush Haradinajt kan\u00eb zbuluar se ai \u00ebsht\u00eb nj\u00eb burrshtetas.<\/p>\n<p>Hasani gjithashtu mendon se ka dyshime p\u00ebr ndonj\u00eb skenar dhe mendon se kjo nuk quhet drejt\u00ebsi \u2013 pasi ka d\u00ebshmuar pafaj\u00ebsin\u00eb edhe m\u00eb her\u00ebt.<\/p>\n<p>Ja postimi i tij i plot\u00eb:<\/p>\n<p>\u201cQ\u00ebndrimi i Ramush Haradinajt kund\u00ebr ndarjes s\u00eb Kosov\u00ebs, vendosm\u00ebria p\u00ebr taks\u00ebn ndaj mallrave serbe e atyre t\u00eb Bosnje e Hercegovin\u00ebs e vendime t\u00eb tjera t\u00eb m\u00ebdha t\u00eb tij na b\u00ebjn\u00eb t\u00eb kuptojm\u00eb se ai \u00ebsht\u00eb nj\u00eb burrshtetas. Veprimi i sot\u00ebm tregon se ai para interesave t\u00eb pushtetit e ka dashurin\u00eb p\u00ebr Kosov\u00ebn, p\u00ebr t\u00eb cil\u00ebn dha shum\u00eb.<\/p>\n<p>A ka vend p\u00ebr dyshime p\u00ebr ndonj\u00eb skenar? PO KA.<\/p>\n<p>Kjo q\u00eb po b\u00ebhet ndaj Haradinajt nuk quhet drejt\u00ebsi. Past\u00ebrtin\u00eb e tij e ka d\u00ebshmuar edhe m\u00eb her\u00ebt.<\/p>\n<p>Me ty kryeminist\u00ebr Haradinaj\u201d, shkruan Hasani n\u00eb Facebook.<\/p>\n<p>&nbsp;<\/p>","protected":false},"excerpt":{"rendered":"<p>Ish ministri i Nismas, Bajram Hasani ka reaguar p\u00ebr dor\u00ebheqjen e kryeminstrit t\u00eb Kosov\u00ebs, Ramush Haradinaj. Ai ka theksuar se q\u00ebndrimet e Ramush Haradinajt kan\u00eb zbuluar se ai \u00ebsht\u00eb nj\u00eb burrshtetas. Hasani gjithashtu mendon se ka dyshime p\u00ebr ndonj\u00eb skenar dhe mendon se kjo nuk quhet drejt\u00ebsi \u2013 pasi ka d\u00ebshmuar pafaj\u00ebsin\u00eb edhe m\u00eb her\u00ebt. [&hellip;]<\/p>\n","protected":false},"author":2013,"featured_media":69674,"comment_status":"open","ping_status":"closed","sticky":false,"template":"","format":"standard","meta":{"footnotes":""},"categories":[241,2],"tags":[],"class_list":{"0":"post-97367","1":"post","2":"type-post","3":"status-publish","4":"format-standard","5":"has-post-thumbnail","7":"category-aktualitet","8":"category-rajoni"},"_links":{"self":[{"href":"https:\/\/zjarr.tv\/en\/wp-json\/wp\/v2\/posts\/97367","targetHints":{"allow":["GET"]}}],"collection":[{"href":"https:\/\/zjarr.tv\/en\/wp-json\/wp\/v2\/posts"}],"about":[{"href":"https:\/\/zjarr.tv\/en\/wp-json\/wp\/v2\/types\/post"}],"author":[{"embeddable":true,"href":"https:\/\/zjarr.tv\/en\/wp-json\/wp\/v2\/users\/2013"}],"replies":[{"embeddable":true,"href":"https:\/\/zjarr.tv\/en\/wp-json\/wp\/v2\/comments?post=97367"}],"version-history":[{"count":0,"href":"https:\/\/zjarr.tv\/en\/wp-json\/wp\/v2\/posts\/97367\/revisions"}],"wp:featuredmedia":[{"embeddable":true,"href":"https:\/\/zjarr.tv\/en\/wp-json\/wp\/v2\/media\/69674"}],"wp:attachment":[{"href":"https:\/\/zjarr.tv\/en\/wp-json\/wp\/v2\/media?parent=97367"}],"wp:term":[{"taxonomy":"category","embeddable":true,"href":"https:\/\/zjarr.tv\/en\/wp-json\/wp\/v2\/categories?post=97367"},{"taxonomy":"post_tag","embeddable":true,"href":"https:\/\/zjarr.tv\/en\/wp-json\/wp\/v2\/tags?post=97367"}],"curies":[{"name":"wp","href":"https:\/\/api.w.org\/{rel}","templated":true}]}}