{"id":97369,"date":"2019-07-19T17:37:43","date_gmt":"2019-07-19T15:37:43","guid":{"rendered":"https:\/\/zjarr.tv\/?p=97369"},"modified":"2019-07-19T17:37:43","modified_gmt":"2019-07-19T15:37:43","slug":"doreheqja-e-haradinajt-basha-vuri-atdheun-mbi-gjithcka","status":"publish","type":"post","link":"https:\/\/zjarr.tv\/en\/doreheqja-e-haradinajt-basha-vuri-atdheun-mbi-gjithcka\/","title":{"rendered":"Dor\u00ebheqja e Haradinajt, Basha: Vuri atdheun mbi gjith\u00e7ka"},"content":{"rendered":"<p>Pas dor\u00ebheqjes s\u00eb kryeministrit kosovar, Ramush Haradinaj ka reaguar kreu i opozit\u00ebs Lulzim Basha.<\/p>\n<p>Basha e konsideroi vendimin e Haradinjat si akti i nj\u00eb njeriu q\u00eb v\u00eb atdheun mbi gjith\u00e7ka.<\/p>\n<p><strong>Lulzim Basha:\u00a0<\/strong><em>&#8220;Dor\u00ebheqja e kryeministrit Ramush Haradinaj \u00ebsht\u00eb akti i nj\u00eb njeriu q\u00eb ve Atdheun mbi gjith\u00e7ka. Ramushi i ka sh\u00ebrbyer gjithmon\u00eb me vet\u00ebmohim Kosov\u00ebs, n\u00eb dit\u00eb t\u00eb mira dhe n\u00eb dit\u00eb t\u00eb k\u00ebqija. Ramush Haradinaj \u00ebsht\u00eb Kosova, Kosova e lir\u00eb, Kosova e pavarur, Kosova europiane.<\/em><\/p>\n<p><em>Askush dhe asgj\u00eb nuk e p\u00ebrdhos dot luft\u00ebn \u00e7lirimtare t\u00eb Kosov\u00ebs dhe sakrific\u00ebn sublime t\u00eb familjes Haradinaj n\u00eb altarin e liris\u00eb!&#8221;<\/em><\/p>\n<p>&nbsp;<\/p>","protected":false},"excerpt":{"rendered":"<p>Pas dor\u00ebheqjes s\u00eb kryeministrit kosovar, Ramush Haradinaj ka reaguar kreu i opozit\u00ebs Lulzim Basha. Basha e konsideroi vendimin e Haradinjat si akti i nj\u00eb njeriu q\u00eb v\u00eb atdheun mbi gjith\u00e7ka. Lulzim Basha:\u00a0&#8220;Dor\u00ebheqja e kryeministrit Ramush Haradinaj \u00ebsht\u00eb akti i nj\u00eb njeriu q\u00eb ve Atdheun mbi gjith\u00e7ka. Ramushi i ka sh\u00ebrbyer gjithmon\u00eb me vet\u00ebmohim Kosov\u00ebs, n\u00eb [&hellip;]<\/p>\n","protected":false},"author":2013,"featured_media":97370,"comment_status":"open","ping_status":"closed","sticky":false,"template":"","format":"standard","meta":{"footnotes":""},"categories":[241,235],"tags":[],"class_list":{"0":"post-97369","1":"post","2":"type-post","3":"status-publish","4":"format-standard","5":"has-post-thumbnail","7":"category-aktualitet","8":"category-vendi"},"_links":{"self":[{"href":"https:\/\/zjarr.tv\/en\/wp-json\/wp\/v2\/posts\/97369","targetHints":{"allow":["GET"]}}],"collection":[{"href":"https:\/\/zjarr.tv\/en\/wp-json\/wp\/v2\/posts"}],"about":[{"href":"https:\/\/zjarr.tv\/en\/wp-json\/wp\/v2\/types\/post"}],"author":[{"embeddable":true,"href":"https:\/\/zjarr.tv\/en\/wp-json\/wp\/v2\/users\/2013"}],"replies":[{"embeddable":true,"href":"https:\/\/zjarr.tv\/en\/wp-json\/wp\/v2\/comments?post=97369"}],"version-history":[{"count":0,"href":"https:\/\/zjarr.tv\/en\/wp-json\/wp\/v2\/posts\/97369\/revisions"}],"wp:featuredmedia":[{"embeddable":true,"href":"https:\/\/zjarr.tv\/en\/wp-json\/wp\/v2\/media\/97370"}],"wp:attachment":[{"href":"https:\/\/zjarr.tv\/en\/wp-json\/wp\/v2\/media?parent=97369"}],"wp:term":[{"taxonomy":"category","embeddable":true,"href":"https:\/\/zjarr.tv\/en\/wp-json\/wp\/v2\/categories?post=97369"},{"taxonomy":"post_tag","embeddable":true,"href":"https:\/\/zjarr.tv\/en\/wp-json\/wp\/v2\/tags?post=97369"}],"curies":[{"name":"wp","href":"https:\/\/api.w.org\/{rel}","templated":true}]}}