{"id":97372,"date":"2019-07-19T17:39:45","date_gmt":"2019-07-19T15:39:45","guid":{"rendered":"https:\/\/zjarr.tv\/?p=97372"},"modified":"2019-07-19T17:39:45","modified_gmt":"2019-07-19T15:39:45","slug":"doreheqja-e-haradinajt-bogdani-loje-e-piste-me-aktore-2-3-hamza-nga-shqiperia-e-kosova","status":"publish","type":"post","link":"https:\/\/zjarr.tv\/en\/doreheqja-e-haradinajt-bogdani-loje-e-piste-me-aktore-2-3-hamza-nga-shqiperia-e-kosova\/","title":{"rendered":"Dor\u00ebheqja e Haradinajt\/ Bogdani: Loj\u00eb e pist\u00eb me aktor\u00eb 2-3 &#8216;Hamza&#8217; nga Shqip\u00ebria e Kosova"},"content":{"rendered":"<p>\u201cHera e dyt\u00eb q\u00eb ky Lider vet\u00eb-dor\u00ebhiqet p\u00ebr t\u00eb mos baltosur emrin e Kosov\u00ebs!!! Dy her\u00eb i thirtur n\u00eb Hag\u00eb si Kryeminister i Kosov\u00ebs, dy her\u00eb q\u00eb shkon si qytetar!\u201d.<\/p>\n<p>K\u00ebshtu shprehet ish deputeti i PD, Gerti Bogdani pas vendimit t\u00eb kryeministrit t\u00eb Kosov\u00ebs Ramush Haradinaj p\u00ebr tu dor\u00ebhequr pas thirrjes q\u00eb i ka b\u00ebr\u00eb Gjykata Speciale.<\/p>\n<p>Sipas Bogdanit, kjo \u00ebsht\u00eb nj\u00eb loj\u00eb e pist\u00eb nga ata q\u00eb nuk e duan Kosov\u00ebn dhe kombin shqiptar t\u00eb fort\u00eb.<\/p>\n<p>\u201cLoj\u00eb e pis\u00ebt jo sepse vjen nga Beogradi dhe ata q\u00eb nuk duan Kosoven e fort\u00eb dhe kombin shqipetar t\u00eb fort\u00eb, por sepse p\u00ebr aktor\u00eb kryesor\u00eb ka dy a tre &#8216;Hamza&#8217; nga Shqip\u00ebria e Kosova\u201d, shprehet ish deputeti demokrat.<\/p>\n<p>Reagimi i plot\u00eb i Gerti Bogdanit:<\/p>\n<p>Hera e dyte qe ky Lider vete-dorehiqet per te mos baltosur emrin e Kosoves!!! Dy here i thirtur ne Hage si Kryeminister i Kosoves, dy here qe shkon si qytetar!!!<\/p>\n<p>Kete here vetem e vetem sepse kundershtoi me vendosmeri ndarjen e Kosoves dhe kembimin e territoreve!!! Loje e piset ne kurriz te shqipetareve dhe gjakut qe eshte derdhur per pavaresine e Kosoves!!!<\/p>\n<p>Loje e piset jo sepse vjen nga Beogradi dhe ata qe nuk duan Kosoven e forte dhe kombin shqipetar te forte, por sepse per aktore kryesore ka dy a tre &#8216;Hamza&#8217; nga Shqiperia e Kosova!!!<\/p>\n<p>Turp per ata qe duan ta shesin sot Kosoven per nje luge corbe te prishur qe kane ngrene apo per dy grusht groshe qe i kane premtuar!!! Historia do i mbaj mend vetem per kete tentative pazari te shumtuar dhe do i mbaje mend si &#8216;Hamza&#8217; te koheve moderne!!!<\/p>\n<p>Por nje gje kane llogaritur gabim. Kosoven nuk e mbron vetem Ramush Haradinaj, ate e mbron cdokush qe i thote vetes shqipetar!!! E nese nje bie, me mijera ngrihen!!! Kete vendim nuk mund ta marrin dy tre vete, politikane te shitur e biznesmene te analizave, ky eshte nje vendim qe i takon te gjithe popullit te Kosoves, e te gjithe shqipetareve!!!<\/p>\n<p>Ndaj sot, lotet nuk jane lote dobesie apo lakmie, por lote force dhe dashurie!!!\u00a0#RespektRamushHaradinaj\u00a0#BurreShteti\u00a0#KosovaeShqipetareve<\/p>\n<p>&nbsp;<\/p>","protected":false},"excerpt":{"rendered":"<p>\u201cHera e dyt\u00eb q\u00eb ky Lider vet\u00eb-dor\u00ebhiqet p\u00ebr t\u00eb mos baltosur emrin e Kosov\u00ebs!!! Dy her\u00eb i thirtur n\u00eb Hag\u00eb si Kryeminister i Kosov\u00ebs, dy her\u00eb q\u00eb shkon si qytetar!\u201d. K\u00ebshtu shprehet ish deputeti i PD, Gerti Bogdani pas vendimit t\u00eb kryeministrit t\u00eb Kosov\u00ebs Ramush Haradinaj p\u00ebr tu dor\u00ebhequr pas thirrjes q\u00eb i ka b\u00ebr\u00eb [&hellip;]<\/p>\n","protected":false},"author":2013,"featured_media":97373,"comment_status":"open","ping_status":"closed","sticky":false,"template":"","format":"standard","meta":{"footnotes":""},"categories":[241,235],"tags":[],"class_list":{"0":"post-97372","1":"post","2":"type-post","3":"status-publish","4":"format-standard","5":"has-post-thumbnail","7":"category-aktualitet","8":"category-vendi"},"_links":{"self":[{"href":"https:\/\/zjarr.tv\/en\/wp-json\/wp\/v2\/posts\/97372","targetHints":{"allow":["GET"]}}],"collection":[{"href":"https:\/\/zjarr.tv\/en\/wp-json\/wp\/v2\/posts"}],"about":[{"href":"https:\/\/zjarr.tv\/en\/wp-json\/wp\/v2\/types\/post"}],"author":[{"embeddable":true,"href":"https:\/\/zjarr.tv\/en\/wp-json\/wp\/v2\/users\/2013"}],"replies":[{"embeddable":true,"href":"https:\/\/zjarr.tv\/en\/wp-json\/wp\/v2\/comments?post=97372"}],"version-history":[{"count":0,"href":"https:\/\/zjarr.tv\/en\/wp-json\/wp\/v2\/posts\/97372\/revisions"}],"wp:featuredmedia":[{"embeddable":true,"href":"https:\/\/zjarr.tv\/en\/wp-json\/wp\/v2\/media\/97373"}],"wp:attachment":[{"href":"https:\/\/zjarr.tv\/en\/wp-json\/wp\/v2\/media?parent=97372"}],"wp:term":[{"taxonomy":"category","embeddable":true,"href":"https:\/\/zjarr.tv\/en\/wp-json\/wp\/v2\/categories?post=97372"},{"taxonomy":"post_tag","embeddable":true,"href":"https:\/\/zjarr.tv\/en\/wp-json\/wp\/v2\/tags?post=97372"}],"curies":[{"name":"wp","href":"https:\/\/api.w.org\/{rel}","templated":true}]}}