{"id":97423,"date":"2019-07-20T12:55:23","date_gmt":"2019-07-20T10:55:23","guid":{"rendered":"https:\/\/zjarr.tv\/?p=97423"},"modified":"2019-07-20T12:55:23","modified_gmt":"2019-07-20T10:55:23","slug":"aksident-i-rende-ne-tirane-1-i-vde-kur-prane-teg","status":"publish","type":"post","link":"https:\/\/zjarr.tv\/en\/aksident-i-rende-ne-tirane-1-i-vde-kur-prane-teg\/","title":{"rendered":"Aksident i r\u00ebnd\u00eb n\u00eb Tiran\u00eb\/ 1 i vde.kur pran\u00eb TEG"},"content":{"rendered":"<p>Nj\u00eb aksident me pasoj\u00eb vdekjen ka ndodhur m\u00ebngjesin e sot\u00ebm n\u00eb zon\u00ebn e Teg n\u00eb kryeqytet.<\/p>\n<p>Nga aksidenti ka humbur jet\u00ebn shoferi 31-vje\u00e7ar.<\/p>\n<p>Tiran\u00eb\/ Informacion paraprak<\/p>\n<p>N\u00eb aksin rrugor Elbasan-Tiran\u00eb, n\u00eb af\u00ebrsi t\u00eb TEG-ut, mjeti me drejtues shtetasin B. M.,31 vje\u00e7 ka humbur kontrollin dhe ka dal\u00eb nga rruga duke u p\u00ebrplasur me bordur\u00ebn e rrug\u00ebs.<\/p>\n<p>Si pasoj\u00eb e p\u00ebrplasjes ka nd\u00ebrruar jet\u00eb vet\u00eb drejtuesi i mjetit.<\/p>\n<p>Grupi hetimor vijon pun\u00ebn p\u00ebr zbardhjen e rrethanave dhe shkakut t\u00eb aksidentit.<\/p>\n<p>&nbsp;<\/p>","protected":false},"excerpt":{"rendered":"<p>Nj\u00eb aksident me pasoj\u00eb vdekjen ka ndodhur m\u00ebngjesin e sot\u00ebm n\u00eb zon\u00ebn e Teg n\u00eb kryeqytet. Nga aksidenti ka humbur jet\u00ebn shoferi 31-vje\u00e7ar. Tiran\u00eb\/ Informacion paraprak N\u00eb aksin rrugor Elbasan-Tiran\u00eb, n\u00eb af\u00ebrsi t\u00eb TEG-ut, mjeti me drejtues shtetasin B. M.,31 vje\u00e7 ka humbur kontrollin dhe ka dal\u00eb nga rruga duke u p\u00ebrplasur me bordur\u00ebn e [&hellip;]<\/p>\n","protected":false},"author":2013,"featured_media":66936,"comment_status":"open","ping_status":"closed","sticky":false,"template":"","format":"standard","meta":{"footnotes":""},"categories":[241,235],"tags":[],"class_list":{"0":"post-97423","1":"post","2":"type-post","3":"status-publish","4":"format-standard","5":"has-post-thumbnail","7":"category-aktualitet","8":"category-vendi"},"_links":{"self":[{"href":"https:\/\/zjarr.tv\/en\/wp-json\/wp\/v2\/posts\/97423","targetHints":{"allow":["GET"]}}],"collection":[{"href":"https:\/\/zjarr.tv\/en\/wp-json\/wp\/v2\/posts"}],"about":[{"href":"https:\/\/zjarr.tv\/en\/wp-json\/wp\/v2\/types\/post"}],"author":[{"embeddable":true,"href":"https:\/\/zjarr.tv\/en\/wp-json\/wp\/v2\/users\/2013"}],"replies":[{"embeddable":true,"href":"https:\/\/zjarr.tv\/en\/wp-json\/wp\/v2\/comments?post=97423"}],"version-history":[{"count":0,"href":"https:\/\/zjarr.tv\/en\/wp-json\/wp\/v2\/posts\/97423\/revisions"}],"wp:featuredmedia":[{"embeddable":true,"href":"https:\/\/zjarr.tv\/en\/wp-json\/wp\/v2\/media\/66936"}],"wp:attachment":[{"href":"https:\/\/zjarr.tv\/en\/wp-json\/wp\/v2\/media?parent=97423"}],"wp:term":[{"taxonomy":"category","embeddable":true,"href":"https:\/\/zjarr.tv\/en\/wp-json\/wp\/v2\/categories?post=97423"},{"taxonomy":"post_tag","embeddable":true,"href":"https:\/\/zjarr.tv\/en\/wp-json\/wp\/v2\/tags?post=97423"}],"curies":[{"name":"wp","href":"https:\/\/api.w.org\/{rel}","templated":true}]}}