{"id":97425,"date":"2019-07-20T12:58:34","date_gmt":"2019-07-20T10:58:34","guid":{"rendered":"https:\/\/zjarr.tv\/?p=97425"},"modified":"2019-07-20T12:58:34","modified_gmt":"2019-07-20T10:58:34","slug":"te-gjitha-betejat-e-fituara-te-ramush-haradinajt","status":"publish","type":"post","link":"https:\/\/zjarr.tv\/en\/te-gjitha-betejat-e-fituara-te-ramush-haradinajt\/","title":{"rendered":"T\u00eb gjitha betejat e fituara t\u00eb Ramush Haradinajt"},"content":{"rendered":"<p>Ramush Haradinaj, edhe pse e pagoi me gjakun e shum\u00eb d\u00ebshmor\u00ebve n\u00eb familje, betej\u00ebn e tij t\u00eb par\u00eb t\u00eb madhe e fitoi me Ushtrin\u00eb \u00c7lirimtare t\u00eb Kosov\u00ebs.<\/p>\n<p>Si nja nga komandant\u00ebt legjendar\u00eb t\u00eb saj, ideator dhe drejtues i \u2018Shqiponjave t\u00eb Zeza\u2019, t\u00eb cilat ishin tmerri i forcave ushtarake speciale serbe; nga m\u00eb aktiv\u00ebt n\u00eb terren dhe luft\u00eb t\u00eb drejtp\u00ebrdrejt\u00eb ve\u00e7an\u00ebrisht n\u00eb Rrafshin e Dukagjinit, Hradinajn, e gjeti Kosova e \u00e7liruar si nj\u00eb nd\u00ebr politikan\u00ebt e rinj m\u00eb popullor\u00eb, shkruan SYRI.net.<\/p>\n<p>P\u00ebr k\u00ebt\u00eb arsye n\u00eb Dhjetor t\u00eb vitit 2014 ai u zgjodh kryeminist\u00ebr i vendit, n\u00eb koalicion me LDK-n\u00eb e Ibrahim Rugov\u00ebs.<\/p>\n<p>Por Serbia nuk mund t`ja falte luft\u00ebn e heroike, q\u00eb komandanti kishte b\u00ebr\u00eb n\u00eb mbrojtje t\u00eb vendit t\u00eb tij t\u00eb pushtuar. Nj\u00eb lum dosjesh me d\u00ebshmi t\u00eb rreme,\u00a0 nd\u00ebrkoh\u00eb ishin depozituar n\u00eb Gjykat\u00ebn e Hag\u00ebs.<\/p>\n<p>Ndaj vet\u00ebm 3 muaj\u00a0 pasi ishte zgjedhur kryeminist\u00ebr, n\u00eb Mars t\u00eb vitit 2005, kjo gjykat\u00eb e akuzoi p\u00ebr krime lufte n\u00eb territorin e Ish-Jugosllavis\u00eb sipas denoncimeve t\u00eb b\u00ebra nga pala Serbe. Fakti ishte se Haradinaj v\u00ebrtet kishte luftuar, por jo n\u00eb territorin e Ish-Jugosllavis\u00eb si\u00e7 pretendonte qeveria serb\u00eb.<\/p>\n<p>Si nj\u00eb nga komandant\u00ebt kryesor\u00eb t\u00eb Ushtris\u00eb \u00c7lirimtare t\u00eb Kosov\u00ebs, ai kishte qen\u00eb v\u00ebrtet shum\u00eb\u00a0 aktiv n\u00eb luft\u00eb, por si nj\u00eb \u00e7lirimtar i Kosov\u00ebs s\u00eb pushtuar.<\/p>\n<p>Gjithsesi menj\u00ebher\u00eb pas k\u00ebsaj, Haradinaj, b\u00ebri aktin e tij t\u00eb par\u00eb si burr\u00ebshtetas duke dh\u00ebn\u00eb dor\u00ebheqjen si kryeminist\u00ebr i Kosov\u00ebs dhe vet\u00eb-dor\u00ebzuar n\u00eb tribunalin e Hag\u00ebs p\u00ebr t\u00eb p\u00ebrballuar akuzat. Pas 3 vitesh, n\u00eb Prill t\u00eb vitit 2008, kjo gjykat\u00eb e liroi Haradinajn nga t\u00eb gjitha akuzat dhe e shpalli t\u00eb pafajsh\u00ebm. Pas luft\u00ebs kund\u00ebr pushtuesve serb\u00eb, kjo ishte beteja e dyt\u00eb e madhe e fituar nga ai. K\u00ebt\u00eb her\u00eb, me drejt\u00ebsin\u00eb nd\u00ebrkomb\u00ebtare.<\/p>\n<p>Por qeveria serbe si nj\u00eb trash\u00ebgimtare e denj\u00eb e Miloshevi\u00e7it dhe lobingjet e tyre n\u00eb\u00a0 Europ\u00eb, nuk kishin nd\u00ebrmend q\u00eb ti ndaheshin komandantit t\u00eb U\u00c7K.\u00a0 K\u00ebshtu n\u00eb Korrik \u00eb vitit 2010, Haradinajt i rihapet s\u00ebrish \u00e7\u00ebshtja n\u00eb Hag\u00eb dhe ai rikthehet edhe nj\u00ebher\u00eb, p\u00ebr tu p\u00ebrballur si burr\u00ebshtetas me drejt\u00ebsin\u00eb. Dhe s\u00ebrish ja doli. N\u00eb N\u00ebntor t\u00eb vitit 2012, ai s\u00ebrish u zhvesh nga \u00e7do akuz\u00eb p\u00ebr krime lufte dhe u shpall i pafajsh\u00ebm.<\/p>\n<p>Vet\u00ebm 5 vite t\u00eb tjera do t\u00eb rrinte i qet\u00eb, nga kjo p\u00ebrndjekje e Serbis\u00eb, Haradinaj. Edhe pse kishte certifikat\u00ebn e pafaj\u00ebsis\u00eb nga gjykata m\u00eb e lart\u00eb nd\u00ebrkomb\u00ebtare, Serbia, vazhdonte ta mbante emrin e tij n\u00eb k\u00ebrkim nd\u00ebrkomb\u00ebtar\u00eb p\u00ebr t\u00eb nj\u00ebjtat akuza me t\u00eb cilat ai dy her\u00eb ishte p\u00ebrballur n\u00eb Hag\u00eb. Prandaj n\u00eb Janar t\u00eb vitit 2017, u ndalua n\u00eb Colmar nga autoritet franceze dhe u mbajt i izoluar p\u00ebr rreth 4 muaj, derisa n\u00eb muajin Prill u lirua.<\/p>\n<p>Vet\u00ebm 7 muaj m\u00eb von\u00eb, n\u00eb muajin Shtator t\u00eb vitit 2017, Ramush Haradinaj u zgjodh kryminist\u00ebr i Kosov\u00ebs p\u00ebr her\u00eb t\u00eb dyt\u00eb. Me k\u00ebto 2 vite q\u00eb drejtoi qeverin\u00eb, Hardinaj, do t\u00eb hyj\u00eb n\u00eb historin\u00eb e kombit shqiptar\u00eb, si politikani i pa kompromis\u00eb p\u00ebr vendin e tij. Haradinaj i mb\u00ebshtetur fort\u00eb nga kancelaria Merkel dhe Britania e Madhe (duke p\u00ebrdorur edhe taks\u00ebn 100% ndaj Serbis\u00eb) me q\u00ebndrimet e tij t\u00eb forta atdhetare, u b\u00eb barriera kryesore p\u00ebr d\u00ebshtimin (tani p\u00ebr tani) t\u00eb planit antishqiptar\u00eb, Vu\u00e7i\u00e7-Tha\u00e7i-Rama-Soros, q\u00eb synon marrjen nga Serbia t\u00eb Veriut t\u00eb pasur t\u00eb Kosov\u00ebs.<\/p>\n<p>Por n\u00eb k\u00ebt\u00eb situat\u00eb, n\u00eb 19 Korrik t\u00eb vitit 2019, Haradinaj jep dor\u00ebheqjen s\u00ebrish nga posti i kryeministrit p\u00ebr tu p\u00ebrballur s\u00ebrish me drejt\u00ebsin\u00eb n\u00eb Hag\u00eb. K\u00ebt\u00eb her\u00eb jo si i akuzuar, por si i ftuar p\u00ebr t\u00eb d\u00ebshmuar. Kjo duket se \u00ebsht\u00eb edhe beteja m\u00eb e madhe p\u00ebr Hardinaj; jo edhe aq n\u00eb lidhje me tribunalin e Hag\u00ebs, se sa p\u00ebr \u00e7\u00ebshtjen dhe luft\u00ebn q\u00eb po b\u00ebhet p\u00ebr t\u00eb mbrojtur trojet shqiptare t\u00eb Kosov\u00ebs nga nj\u00eb cop\u00ebtim i mundsh\u00ebm.<\/p>\n<p>\u2018Kosov\u00ebs i b\u00ebhet presion i padrejt\u00eb p\u00ebr \u00e7mimin e njohjes nga Serbia. Ndarja apo Dodik Republika jan\u00eb t\u00eb pap\u00ebrballueshme p\u00ebr Kosov\u00ebn dhe stabilitetin e rajonit\u2019, ishte nj\u00eb paralajm\u00ebrim i fort\u00eb i Haradinajt gjat\u00eb fjal\u00ebs me rastin e dor\u00ebheqjes, t\u00eb cilin duhet ta d\u00ebgjoj\u00eb mir\u00eb \u00e7do shqiptar\u00eb n\u00eb bot\u00eb.<\/p>\n<p><a href=\"https:\/\/zjarr.tv\/wp-content\/uploads\/2019\/07\/auto_betejat_e_haradinajt1563608742.png\"><img loading=\"lazy\" decoding=\"async\" class=\"alignnone  wp-image-97426\" src=\"https:\/\/zjarr.tv\/wp-content\/uploads\/2019\/07\/auto_betejat_e_haradinajt1563608742-250x300.png\" alt=\"\" width=\"437\" height=\"524\" srcset=\"https:\/\/zjarr.tv\/wp-content\/uploads\/2019\/07\/auto_betejat_e_haradinajt1563608742-250x300.png 250w, https:\/\/zjarr.tv\/wp-content\/uploads\/2019\/07\/auto_betejat_e_haradinajt1563608742-768x921.png 768w, https:\/\/zjarr.tv\/wp-content\/uploads\/2019\/07\/auto_betejat_e_haradinajt1563608742-854x1024.png 854w, https:\/\/zjarr.tv\/wp-content\/uploads\/2019\/07\/auto_betejat_e_haradinajt1563608742-696x834.png 696w, https:\/\/zjarr.tv\/wp-content\/uploads\/2019\/07\/auto_betejat_e_haradinajt1563608742-350x420.png 350w, https:\/\/zjarr.tv\/wp-content\/uploads\/2019\/07\/auto_betejat_e_haradinajt1563608742.png 900w\" sizes=\"auto, (max-width: 437px) 100vw, 437px\" \/><\/a><\/p>","protected":false},"excerpt":{"rendered":"<p>Ramush Haradinaj, edhe pse e pagoi me gjakun e shum\u00eb d\u00ebshmor\u00ebve n\u00eb familje, betej\u00ebn e tij t\u00eb par\u00eb t\u00eb madhe e fitoi me Ushtrin\u00eb \u00c7lirimtare t\u00eb Kosov\u00ebs. Si nja nga komandant\u00ebt legjendar\u00eb t\u00eb saj, ideator dhe drejtues i \u2018Shqiponjave t\u00eb Zeza\u2019, t\u00eb cilat ishin tmerri i forcave ushtarake speciale serbe; nga m\u00eb aktiv\u00ebt n\u00eb terren [&hellip;]<\/p>\n","protected":false},"author":2013,"featured_media":97334,"comment_status":"open","ping_status":"closed","sticky":false,"template":"","format":"standard","meta":{"footnotes":""},"categories":[241,2],"tags":[],"class_list":{"0":"post-97425","1":"post","2":"type-post","3":"status-publish","4":"format-standard","5":"has-post-thumbnail","7":"category-aktualitet","8":"category-rajoni"},"_links":{"self":[{"href":"https:\/\/zjarr.tv\/en\/wp-json\/wp\/v2\/posts\/97425","targetHints":{"allow":["GET"]}}],"collection":[{"href":"https:\/\/zjarr.tv\/en\/wp-json\/wp\/v2\/posts"}],"about":[{"href":"https:\/\/zjarr.tv\/en\/wp-json\/wp\/v2\/types\/post"}],"author":[{"embeddable":true,"href":"https:\/\/zjarr.tv\/en\/wp-json\/wp\/v2\/users\/2013"}],"replies":[{"embeddable":true,"href":"https:\/\/zjarr.tv\/en\/wp-json\/wp\/v2\/comments?post=97425"}],"version-history":[{"count":0,"href":"https:\/\/zjarr.tv\/en\/wp-json\/wp\/v2\/posts\/97425\/revisions"}],"wp:featuredmedia":[{"embeddable":true,"href":"https:\/\/zjarr.tv\/en\/wp-json\/wp\/v2\/media\/97334"}],"wp:attachment":[{"href":"https:\/\/zjarr.tv\/en\/wp-json\/wp\/v2\/media?parent=97425"}],"wp:term":[{"taxonomy":"category","embeddable":true,"href":"https:\/\/zjarr.tv\/en\/wp-json\/wp\/v2\/categories?post=97425"},{"taxonomy":"post_tag","embeddable":true,"href":"https:\/\/zjarr.tv\/en\/wp-json\/wp\/v2\/tags?post=97425"}],"curies":[{"name":"wp","href":"https:\/\/api.w.org\/{rel}","templated":true}]}}