{"id":97443,"date":"2019-07-20T13:10:14","date_gmt":"2019-07-20T11:10:14","guid":{"rendered":"https:\/\/zjarr.tv\/?p=97443"},"modified":"2019-07-20T13:10:14","modified_gmt":"2019-07-20T11:10:14","slug":"bashkia-kamez-i-vendos-nje-rruge-te-qytetit-emrin-e-ramush-haradinaj","status":"publish","type":"post","link":"https:\/\/zjarr.tv\/en\/bashkia-kamez-i-vendos-nje-rruge-te-qytetit-emrin-e-ramush-haradinaj\/","title":{"rendered":"Bashkia Kam\u00ebz i vendos nj\u00eb rruge t\u00eb qytetit emrin e \u2018Ramush Haradinaj\u2019"},"content":{"rendered":"<p>Kryeministri i Kosov\u00ebs dha dor\u00ebheqjen nj\u00eb dit\u00eb m\u00eb par\u00eb p\u00ebr t\u2019u v\u00ebn\u00eb n\u00eb dispozicion t\u00eb Gjykat\u00ebs s\u00eb Hag\u00ebs.<\/p>\n<p>Disa vite m\u00eb par\u00eb Bashkia e Kamz\u00ebs e ka shpallur kryetarin e AAK, \u2018Qytetar Nderi\u2019.<\/p>\n<p>N\u00eb nj\u00eb reagim t\u00eb shp\u00ebrndar\u00eb p\u00ebr mediat Bashkia Kam\u00ebz vler\u00ebson aktin e Haradinajt i cili tregoi jo vet\u00ebm profilin e tij prej shtetari por nj\u00ebherazi vendosi t\u00eb sakrifikoj\u00eb nga vetja p\u00ebr Kosov\u00ebn dhe kombin shqiptar.<\/p>\n<p>Deklarata e Bashkis\u00eb Kam\u00ebz<\/p>\n<p>Ramush Haradinaj me doreheqjen e djeshme tregoi te qenit nje shtetar i vertet pasi qe eshte nje patriot dhe atdhetar kete e ka treguar cdo dite te jetes se tij. Haradinaj tregoi se sakrifikon nga vetja per lirine dhe pavaresine e Kosoves per gjithe shqiptarine. Me doreheqjen prej nje burri te vertet shteti tregoi se nuk ka asgje per te fshehur dhe se sa here te kerkohet do te shkoj para drejtesise jo si kryeminister i Kosoves por si Ramush Haradinaj.<\/p>\n<p>pergjigjur thirrjeve te drejtesise por dhe akteve te marra si kryeminister i Kosoves ne detyre. Bashkia Kamez ka nderin qe nje rruge te qytetit tone ti vendos emrin e tribunit te lirise dhe atdhetarise Ramush Haradinaj me vendim te KEshillit Bashkiak.<\/p>\n<p>Kujtojme qe tashme Ramush Haradinaj eshte njeri prej nesh per thjeshtesine qe e karaktarizon por edhe se ai eshte Qytetar Nderi i Kamzez si dhe prej sot nje prej rrugeve mban emrin e tij. Jemi me ty Ramush, te bindur ne pafajesine tende dhe misionin tend per lirine e Kosoves dhe shqiptarise. Askush nuk ka mundur te gjunjezoje sado qe ka tentuar. Ti Ramush ke ditur te ia dalesh me karakterin tend fisnik fhe pastertine e figures tende.<\/p>\n<p>Ti je nje shtetar i vertet ndaj qendro sic ke ditur te ia dalesh pabesive. Jemi me ty.<\/p>\n<p>&nbsp;<\/p>","protected":false},"excerpt":{"rendered":"<p>Kryeministri i Kosov\u00ebs dha dor\u00ebheqjen nj\u00eb dit\u00eb m\u00eb par\u00eb p\u00ebr t\u2019u v\u00ebn\u00eb n\u00eb dispozicion t\u00eb Gjykat\u00ebs s\u00eb Hag\u00ebs. Disa vite m\u00eb par\u00eb Bashkia e Kamz\u00ebs e ka shpallur kryetarin e AAK, \u2018Qytetar Nderi\u2019. N\u00eb nj\u00eb reagim t\u00eb shp\u00ebrndar\u00eb p\u00ebr mediat Bashkia Kam\u00ebz vler\u00ebson aktin e Haradinajt i cili tregoi jo vet\u00ebm profilin e tij prej [&hellip;]<\/p>\n","protected":false},"author":2013,"featured_media":97444,"comment_status":"open","ping_status":"closed","sticky":false,"template":"","format":"standard","meta":{"footnotes":""},"categories":[241,235],"tags":[],"class_list":{"0":"post-97443","1":"post","2":"type-post","3":"status-publish","4":"format-standard","5":"has-post-thumbnail","7":"category-aktualitet","8":"category-vendi"},"_links":{"self":[{"href":"https:\/\/zjarr.tv\/en\/wp-json\/wp\/v2\/posts\/97443","targetHints":{"allow":["GET"]}}],"collection":[{"href":"https:\/\/zjarr.tv\/en\/wp-json\/wp\/v2\/posts"}],"about":[{"href":"https:\/\/zjarr.tv\/en\/wp-json\/wp\/v2\/types\/post"}],"author":[{"embeddable":true,"href":"https:\/\/zjarr.tv\/en\/wp-json\/wp\/v2\/users\/2013"}],"replies":[{"embeddable":true,"href":"https:\/\/zjarr.tv\/en\/wp-json\/wp\/v2\/comments?post=97443"}],"version-history":[{"count":0,"href":"https:\/\/zjarr.tv\/en\/wp-json\/wp\/v2\/posts\/97443\/revisions"}],"wp:featuredmedia":[{"embeddable":true,"href":"https:\/\/zjarr.tv\/en\/wp-json\/wp\/v2\/media\/97444"}],"wp:attachment":[{"href":"https:\/\/zjarr.tv\/en\/wp-json\/wp\/v2\/media?parent=97443"}],"wp:term":[{"taxonomy":"category","embeddable":true,"href":"https:\/\/zjarr.tv\/en\/wp-json\/wp\/v2\/categories?post=97443"},{"taxonomy":"post_tag","embeddable":true,"href":"https:\/\/zjarr.tv\/en\/wp-json\/wp\/v2\/tags?post=97443"}],"curies":[{"name":"wp","href":"https:\/\/api.w.org\/{rel}","templated":true}]}}