{"id":97449,"date":"2019-07-20T13:12:48","date_gmt":"2019-07-20T11:12:48","guid":{"rendered":"https:\/\/zjarr.tv\/?p=97449"},"modified":"2019-07-20T13:12:48","modified_gmt":"2019-07-20T11:12:48","slug":"kokaine-dhe-20-mije-euro-prangoset-shqiptari","status":"publish","type":"post","link":"https:\/\/zjarr.tv\/en\/kokaine-dhe-20-mije-euro-prangoset-shqiptari\/","title":{"rendered":"Kokain\u00eb dhe 20 mij\u00eb euro, prangoset shqiptari"},"content":{"rendered":"<p>Nj\u00eb shqiptar \u00ebsht\u00eb v\u00ebn\u00eb n\u00eb pranga n\u00eb Riccione, Itali.<\/p>\n<p>Arrestimi i 25-vje\u00e7arit me inicialet O. R., \u00ebsht\u00eb b\u00ebr\u00eb gjat\u00eb dit\u00ebs s\u00eb djeshme, pasi dyshohej se merrej me trafik t\u00eb l\u00ebnd\u00ebve narkotike.<\/p>\n<p>Si\u00e7 shkruajn\u00eb mediat italiane, i riu shqiptar ishte i njohur p\u00ebr policin\u00eb.<\/p>\n<p>Gjat\u00eb ndalimit atij i jan\u00eb gjetur 52 gram\u00eb kokain\u00eb.<\/p>\n<p>N\u00eb kontrollin e ushtruar n\u00eb banes\u00eb, i jan\u00eb gjetur edhe 20 mij\u00eb euro, q\u00eb jan\u00eb sekuestruar.<\/p>\n<p>Sipas policis\u00eb, k\u00ebto jan\u00eb t\u00eb ardhura nga shitja e drog\u00ebs.<\/p>\n<p>&nbsp;<\/p>","protected":false},"excerpt":{"rendered":"<p>Nj\u00eb shqiptar \u00ebsht\u00eb v\u00ebn\u00eb n\u00eb pranga n\u00eb Riccione, Itali. Arrestimi i 25-vje\u00e7arit me inicialet O. R., \u00ebsht\u00eb b\u00ebr\u00eb gjat\u00eb dit\u00ebs s\u00eb djeshme, pasi dyshohej se merrej me trafik t\u00eb l\u00ebnd\u00ebve narkotike. Si\u00e7 shkruajn\u00eb mediat italiane, i riu shqiptar ishte i njohur p\u00ebr policin\u00eb. Gjat\u00eb ndalimit atij i jan\u00eb gjetur 52 gram\u00eb kokain\u00eb. N\u00eb kontrollin e [&hellip;]<\/p>\n","protected":false},"author":2013,"featured_media":97450,"comment_status":"open","ping_status":"closed","sticky":false,"template":"","format":"standard","meta":{"footnotes":""},"categories":[241,235],"tags":[],"class_list":{"0":"post-97449","1":"post","2":"type-post","3":"status-publish","4":"format-standard","5":"has-post-thumbnail","7":"category-aktualitet","8":"category-vendi"},"_links":{"self":[{"href":"https:\/\/zjarr.tv\/en\/wp-json\/wp\/v2\/posts\/97449","targetHints":{"allow":["GET"]}}],"collection":[{"href":"https:\/\/zjarr.tv\/en\/wp-json\/wp\/v2\/posts"}],"about":[{"href":"https:\/\/zjarr.tv\/en\/wp-json\/wp\/v2\/types\/post"}],"author":[{"embeddable":true,"href":"https:\/\/zjarr.tv\/en\/wp-json\/wp\/v2\/users\/2013"}],"replies":[{"embeddable":true,"href":"https:\/\/zjarr.tv\/en\/wp-json\/wp\/v2\/comments?post=97449"}],"version-history":[{"count":0,"href":"https:\/\/zjarr.tv\/en\/wp-json\/wp\/v2\/posts\/97449\/revisions"}],"wp:featuredmedia":[{"embeddable":true,"href":"https:\/\/zjarr.tv\/en\/wp-json\/wp\/v2\/media\/97450"}],"wp:attachment":[{"href":"https:\/\/zjarr.tv\/en\/wp-json\/wp\/v2\/media?parent=97449"}],"wp:term":[{"taxonomy":"category","embeddable":true,"href":"https:\/\/zjarr.tv\/en\/wp-json\/wp\/v2\/categories?post=97449"},{"taxonomy":"post_tag","embeddable":true,"href":"https:\/\/zjarr.tv\/en\/wp-json\/wp\/v2\/tags?post=97449"}],"curies":[{"name":"wp","href":"https:\/\/api.w.org\/{rel}","templated":true}]}}