{"id":97466,"date":"2019-07-20T13:24:04","date_gmt":"2019-07-20T11:24:04","guid":{"rendered":"https:\/\/zjarr.tv\/?p=97466"},"modified":"2019-07-20T13:24:04","modified_gmt":"2019-07-20T11:24:04","slug":"presidentja-e-re-e-ke-nese-i-mbyllim-deren-shqiperise-e-maqedonise-se-veriut-demtojme-veten","status":"publish","type":"post","link":"https:\/\/zjarr.tv\/en\/presidentja-e-re-e-ke-nese-i-mbyllim-deren-shqiperise-e-maqedonise-se-veriut-demtojme-veten\/","title":{"rendered":"Presidentja e re e KE: N\u00ebse i mbyllim der\u00ebn Shqip\u00ebris\u00eb e Maqedonis\u00eb s\u00eb Veriut d\u00ebmtojm\u00eb veten"},"content":{"rendered":"<p>Presidentja e re e Komisionit Evropian, Ursula Von der Leyen mb\u00ebshtet perspektiv\u00ebn e shpejt\u00eb t\u00eb pranimit t\u00eb Shqip\u00ebrin\u00eb dhe Maqedonis\u00eb s\u00eb Veriut.<\/p>\n<p><em>&#8220;Ne duhet t\u00eb hapim negociatat e pranimit me vendet sapo K\u00ebshilli Evropian t\u00eb arrij\u00eb n\u00eb p\u00ebrfundimin se kriteret jan\u00eb p\u00ebrmbushur,&#8221;<\/em>&#8211; tha ajo p\u00ebr SPIEGEL:<\/p>\n<p>Krer\u00ebt e shteteve dhe qeverive t\u00eb vendeve t\u00eb BE-s\u00eb do mblidhen n\u00eb K\u00ebshillin Evropian.<\/p>\n<p>Krahu i djatht\u00eb u shpreh se duke i mbyllur der\u00ebn dy vendeve d\u00ebmtohet vet\u00eb BE.<\/p>\n<p><em>&#8220;Ne duhet t\u00eb shtr\u00ebngojm\u00eb dor\u00ebn me k\u00ebto shtete. Ndajm\u00eb t\u00eb nj\u00ebjt\u00ebn kontinent, t\u00eb nj\u00ebjt\u00ebn histori, jemi t\u00eb fqinj\u00eb dhe n\u00ebse i mbyllim der\u00ebn, vet\u00ebm d\u00ebmtojm\u00eb veten,&#8221;-<\/em>shtoi Von der Leyen.<\/p>\n<p>&nbsp;<\/p>","protected":false},"excerpt":{"rendered":"<p>Presidentja e re e Komisionit Evropian, Ursula Von der Leyen mb\u00ebshtet perspektiv\u00ebn e shpejt\u00eb t\u00eb pranimit t\u00eb Shqip\u00ebrin\u00eb dhe Maqedonis\u00eb s\u00eb Veriut. &#8220;Ne duhet t\u00eb hapim negociatat e pranimit me vendet sapo K\u00ebshilli Evropian t\u00eb arrij\u00eb n\u00eb p\u00ebrfundimin se kriteret jan\u00eb p\u00ebrmbushur,&#8221;&#8211; tha ajo p\u00ebr SPIEGEL: Krer\u00ebt e shteteve dhe qeverive t\u00eb vendeve t\u00eb BE-s\u00eb [&hellip;]<\/p>\n","protected":false},"author":2013,"featured_media":95575,"comment_status":"open","ping_status":"closed","sticky":false,"template":"","format":"standard","meta":{"footnotes":""},"categories":[241,235],"tags":[],"class_list":{"0":"post-97466","1":"post","2":"type-post","3":"status-publish","4":"format-standard","5":"has-post-thumbnail","7":"category-aktualitet","8":"category-vendi"},"_links":{"self":[{"href":"https:\/\/zjarr.tv\/en\/wp-json\/wp\/v2\/posts\/97466","targetHints":{"allow":["GET"]}}],"collection":[{"href":"https:\/\/zjarr.tv\/en\/wp-json\/wp\/v2\/posts"}],"about":[{"href":"https:\/\/zjarr.tv\/en\/wp-json\/wp\/v2\/types\/post"}],"author":[{"embeddable":true,"href":"https:\/\/zjarr.tv\/en\/wp-json\/wp\/v2\/users\/2013"}],"replies":[{"embeddable":true,"href":"https:\/\/zjarr.tv\/en\/wp-json\/wp\/v2\/comments?post=97466"}],"version-history":[{"count":0,"href":"https:\/\/zjarr.tv\/en\/wp-json\/wp\/v2\/posts\/97466\/revisions"}],"wp:featuredmedia":[{"embeddable":true,"href":"https:\/\/zjarr.tv\/en\/wp-json\/wp\/v2\/media\/95575"}],"wp:attachment":[{"href":"https:\/\/zjarr.tv\/en\/wp-json\/wp\/v2\/media?parent=97466"}],"wp:term":[{"taxonomy":"category","embeddable":true,"href":"https:\/\/zjarr.tv\/en\/wp-json\/wp\/v2\/categories?post=97466"},{"taxonomy":"post_tag","embeddable":true,"href":"https:\/\/zjarr.tv\/en\/wp-json\/wp\/v2\/tags?post=97466"}],"curies":[{"name":"wp","href":"https:\/\/api.w.org\/{rel}","templated":true}]}}