{"id":97474,"date":"2019-07-20T13:28:27","date_gmt":"2019-07-20T11:28:27","guid":{"rendered":"https:\/\/zjarr.tv\/?p=97474"},"modified":"2019-07-20T13:28:27","modified_gmt":"2019-07-20T11:28:27","slug":"zjarr-i-qellimshem-digjet-makina-luksoze-ne-elbasan","status":"publish","type":"post","link":"https:\/\/zjarr.tv\/en\/zjarr-i-qellimshem-digjet-makina-luksoze-ne-elbasan\/","title":{"rendered":"Zjarr i q\u00ebllimsh\u00ebm, digjet makina luksoze n\u00eb Elbasan"},"content":{"rendered":"<p>Nj\u00eb automjet \u00ebsht\u00eb djegur t\u00ebr\u00ebsisht pak pas mesnate n\u00eb qytetin e Elbasanit.<\/p>\n<p>Policia ka b\u00ebr\u00eb t\u00eb ditur se automjeti luksoz tip \u2018Benz\u2019, n\u00eb pron\u00ebsi t\u00eb shtetasit A. B., ishte i parkuar n\u00eb rrug\u00ebn pran\u00eb banes\u00ebs, kur ka marr\u00eb flak\u00eb.<\/p>\n<p>Nga hetimi paraprak dyshohet se zjarri \u00ebsht\u00eb i q\u00ebllimsh\u00ebm.<\/p>\n<p>Grupi hetimor po punon p\u00ebr dokumentimin e plot\u00eb t\u00eb ngjarjes, identifikimin dhe kapjen e autor\u00ebve.<\/p>\n<p>&nbsp;<\/p>","protected":false},"excerpt":{"rendered":"<p>Nj\u00eb automjet \u00ebsht\u00eb djegur t\u00ebr\u00ebsisht pak pas mesnate n\u00eb qytetin e Elbasanit. Policia ka b\u00ebr\u00eb t\u00eb ditur se automjeti luksoz tip \u2018Benz\u2019, n\u00eb pron\u00ebsi t\u00eb shtetasit A. B., ishte i parkuar n\u00eb rrug\u00ebn pran\u00eb banes\u00ebs, kur ka marr\u00eb flak\u00eb. Nga hetimi paraprak dyshohet se zjarri \u00ebsht\u00eb i q\u00ebllimsh\u00ebm. Grupi hetimor po punon p\u00ebr dokumentimin e [&hellip;]<\/p>\n","protected":false},"author":2013,"featured_media":97475,"comment_status":"open","ping_status":"closed","sticky":false,"template":"","format":"standard","meta":{"footnotes":""},"categories":[241,235],"tags":[],"class_list":{"0":"post-97474","1":"post","2":"type-post","3":"status-publish","4":"format-standard","5":"has-post-thumbnail","7":"category-aktualitet","8":"category-vendi"},"_links":{"self":[{"href":"https:\/\/zjarr.tv\/en\/wp-json\/wp\/v2\/posts\/97474","targetHints":{"allow":["GET"]}}],"collection":[{"href":"https:\/\/zjarr.tv\/en\/wp-json\/wp\/v2\/posts"}],"about":[{"href":"https:\/\/zjarr.tv\/en\/wp-json\/wp\/v2\/types\/post"}],"author":[{"embeddable":true,"href":"https:\/\/zjarr.tv\/en\/wp-json\/wp\/v2\/users\/2013"}],"replies":[{"embeddable":true,"href":"https:\/\/zjarr.tv\/en\/wp-json\/wp\/v2\/comments?post=97474"}],"version-history":[{"count":0,"href":"https:\/\/zjarr.tv\/en\/wp-json\/wp\/v2\/posts\/97474\/revisions"}],"wp:featuredmedia":[{"embeddable":true,"href":"https:\/\/zjarr.tv\/en\/wp-json\/wp\/v2\/media\/97475"}],"wp:attachment":[{"href":"https:\/\/zjarr.tv\/en\/wp-json\/wp\/v2\/media?parent=97474"}],"wp:term":[{"taxonomy":"category","embeddable":true,"href":"https:\/\/zjarr.tv\/en\/wp-json\/wp\/v2\/categories?post=97474"},{"taxonomy":"post_tag","embeddable":true,"href":"https:\/\/zjarr.tv\/en\/wp-json\/wp\/v2\/tags?post=97474"}],"curies":[{"name":"wp","href":"https:\/\/api.w.org\/{rel}","templated":true}]}}