{"id":97477,"date":"2019-07-20T13:41:01","date_gmt":"2019-07-20T11:41:01","guid":{"rendered":"https:\/\/zjarr.tv\/?p=97477"},"modified":"2019-07-20T13:41:01","modified_gmt":"2019-07-20T11:41:01","slug":"tola-fliste-per-shoferet-pas-shpines-i-ndodh-live-aksidenti","status":"publish","type":"post","link":"https:\/\/zjarr.tv\/en\/tola-fliste-per-shoferet-pas-shpines-i-ndodh-live-aksidenti\/","title":{"rendered":"Tola fliste p\u00ebr shofer\u00ebt, pas shpin\u00ebs i ndodh live aksidenti"},"content":{"rendered":"<p>Teksa drejtuesi i policis\u00eb rrugore Mitat Tola ishte duke dh\u00ebn\u00eb nj\u00eb mesazh p\u00ebr mediat, dhe po apelonte p\u00ebr t\u00eb qen\u00eb m\u00eb t\u00eb kujdessh\u00ebm gjat\u00eb l\u00ebvizjes n\u00eb rrug\u00eb, nj\u00eb aksident ka ndodhur pas krah\u00ebve t\u00eb tij.<\/p>\n<p>Pavar\u00ebsisht trafikut n\u00eb Qaf\u00eb-Kashar dhe pranis\u00eb s\u00eb madhe t\u00eb Policis\u00eb, kjo nuk e ka shmangur k\u00ebt\u00eb aksident, q\u00eb fatmir\u00ebsisht nuk ka pasur t\u00eb l\u00ebnduar, por vet\u00ebm d\u00ebme materiale.<\/p>\n<p>Aksidenti ndodhi p\u00ebr shkak se dy mjetet nuk respektuan distanc\u00ebn q\u00eb duhej mes tyre.<\/p>\n<p>&nbsp;<\/p>","protected":false},"excerpt":{"rendered":"<p>Teksa drejtuesi i policis\u00eb rrugore Mitat Tola ishte duke dh\u00ebn\u00eb nj\u00eb mesazh p\u00ebr mediat, dhe po apelonte p\u00ebr t\u00eb qen\u00eb m\u00eb t\u00eb kujdessh\u00ebm gjat\u00eb l\u00ebvizjes n\u00eb rrug\u00eb, nj\u00eb aksident ka ndodhur pas krah\u00ebve t\u00eb tij. Pavar\u00ebsisht trafikut n\u00eb Qaf\u00eb-Kashar dhe pranis\u00eb s\u00eb madhe t\u00eb Policis\u00eb, kjo nuk e ka shmangur k\u00ebt\u00eb aksident, q\u00eb fatmir\u00ebsisht nuk [&hellip;]<\/p>\n","protected":false},"author":2013,"featured_media":97478,"comment_status":"open","ping_status":"closed","sticky":false,"template":"","format":"standard","meta":{"footnotes":""},"categories":[241,235],"tags":[],"class_list":{"0":"post-97477","1":"post","2":"type-post","3":"status-publish","4":"format-standard","5":"has-post-thumbnail","7":"category-aktualitet","8":"category-vendi"},"_links":{"self":[{"href":"https:\/\/zjarr.tv\/en\/wp-json\/wp\/v2\/posts\/97477","targetHints":{"allow":["GET"]}}],"collection":[{"href":"https:\/\/zjarr.tv\/en\/wp-json\/wp\/v2\/posts"}],"about":[{"href":"https:\/\/zjarr.tv\/en\/wp-json\/wp\/v2\/types\/post"}],"author":[{"embeddable":true,"href":"https:\/\/zjarr.tv\/en\/wp-json\/wp\/v2\/users\/2013"}],"replies":[{"embeddable":true,"href":"https:\/\/zjarr.tv\/en\/wp-json\/wp\/v2\/comments?post=97477"}],"version-history":[{"count":0,"href":"https:\/\/zjarr.tv\/en\/wp-json\/wp\/v2\/posts\/97477\/revisions"}],"wp:featuredmedia":[{"embeddable":true,"href":"https:\/\/zjarr.tv\/en\/wp-json\/wp\/v2\/media\/97478"}],"wp:attachment":[{"href":"https:\/\/zjarr.tv\/en\/wp-json\/wp\/v2\/media?parent=97477"}],"wp:term":[{"taxonomy":"category","embeddable":true,"href":"https:\/\/zjarr.tv\/en\/wp-json\/wp\/v2\/categories?post=97477"},{"taxonomy":"post_tag","embeddable":true,"href":"https:\/\/zjarr.tv\/en\/wp-json\/wp\/v2\/tags?post=97477"}],"curies":[{"name":"wp","href":"https:\/\/api.w.org\/{rel}","templated":true}]}}