{"id":97480,"date":"2019-07-20T13:42:16","date_gmt":"2019-07-20T11:42:16","guid":{"rendered":"https:\/\/zjarr.tv\/?p=97480"},"modified":"2019-07-20T13:42:16","modified_gmt":"2019-07-20T11:42:16","slug":"pd-rama-refuzoi-fondet-e-be-per-rruget-qe-te-vjedhe-me-koncesione","status":"publish","type":"post","link":"https:\/\/zjarr.tv\/en\/pd-rama-refuzoi-fondet-e-be-per-rruget-qe-te-vjedhe-me-koncesione\/","title":{"rendered":"PD: Rama refuzoi fondet e BE p\u00ebr rrug\u00ebt q\u00eb t\u00eb vjedh\u00eb me koncesione"},"content":{"rendered":"<p>&nbsp;<\/p>\n<p>Partia Demokratike deklaroi sot se Edi Rama refuzoi fondet nga BE p\u00ebr rrug\u00ebt q\u00eb t\u00eb vjedh\u00eb me koncesione dhe projektin e PPP-ve \u201c1 miliard euro\u201d. Ish-deputetja e PD Grida Duma tha se rrug\u00ebt si Milot-Balldren, jan\u00eb pjes\u00eb e autostrad\u00ebs Blu q\u00eb u financua n\u00eb samitin e Poznanit, por Shqip\u00ebria nuk paraqiti asnj\u00eb projekt.<\/p>\n<p>Sipas saj, me Ram\u00ebn, 1 km tek Milot-Balldre paguhet 16 mln euro, nd\u00ebrsa n\u00eb projektin e BE, 1 km rrug\u00eb \u00ebsht\u00eb 1.2 mln euro. N\u00eb em\u00ebr t\u00eb PD, Duma deklaroi se k\u00ebto kontrata korruptive do t\u00eb anulohen dhe \u00e7do d\u00ebm i shkaktuar do t\u00eb rikuperohet.<\/p>\n<p>DEKLARAT\u00cb E PLOT\u00cb<br \/>\nShum\u00ebkush u habit sesi Edi Rama shkoi me duar n\u00eb xhepa n\u00eb Samitin e Poznanit p\u00ebr Ballkanin Per\u00ebndimor. Asnj\u00eb projekt me vete, asnj\u00eb k\u00ebrkes\u00eb p\u00ebr fonde, por vet\u00ebm disa fotograf\u00eb n\u00eb k\u00ebrkim t\u00eb nj\u00eb fotoje me kancelaren Merkel.<\/p>\n<p>Projekti m\u00eb i r\u00ebnd\u00ebsish\u00ebm n\u00eb samit ishte autostrada Adriatiko-Joniane, e gjat\u00eb 700 kilometra. P\u00ebr k\u00ebt\u00eb investim t\u00eb r\u00ebnd\u00ebsish\u00ebm vendet e Ballkanit, me p\u00ebrjashtim t\u00eb Shqip\u00ebris\u00eb, mor\u00ebn fondet nga Bashkimi Europian p\u00ebr t\u00eb vazhduar nd\u00ebrtimin e projektit.<\/p>\n<p>Sipas t\u00eb dh\u00ebnave, pjesa e autostrad\u00ebs q\u00eb lidh Kroacin\u00eb me Bosnj\u00ebn, prej 335 kilometrash, do t\u00eb kushtoj\u00eb 430 milion\u00eb euro. Nd\u00ebrsa Mali i Zi ka marr\u00eb 399 milion\u00eb euro p\u00ebr ndartimin e rrug\u00ebs q\u00eb e lidh me Bosnj\u00ebn dhe Kroacin\u00eb.<\/p>\n<p>Me rrug\u00ebt Milot-Balldren, Thuman\u00eb-Kashar dhe Kashar-Rrogozhin\u00eb, Shqip\u00ebria \u00ebsht\u00eb e p\u00ebrfshir\u00eb n\u00eb k\u00ebt\u00eb projekt gjigand infrastukture me 82 kilometra, por qeveria e Edi Ram\u00ebs ka vendosur t\u00eb mos marr\u00eb asnj\u00eb qindark\u00eb nga Bashkimi Europian.<a href=\"https:\/\/balkanweb.com\/pd-rama-refuzoi-fondet-e-be-per-rruget-qe-te-vjedhe-me-koncesione\/\">Next<\/a><\/p>\n<p>Arsyeja e v\u00ebrtet\u00eb nuk \u00ebsht\u00eb braktisja nga Europa, por korrupsioni i Edi Ram\u00ebs.<\/p>\n<p>Kryeministri i votave t\u00eb vjedhura, nuk paraqiti asnj\u00eb projekt p\u00ebr financim n\u00eb Poznan, sepse ai po zbaton n\u00eb Shqip\u00ebri, projketin kriminal \u201c1 miliard euro\u201d, t\u00eb cilin, tani t\u00eb gjith\u00eb e njohin si vjedhje e buxhetit p\u00ebrmes PPP-ve, me projekte t\u00eb tejfryra, t\u00eb pastudiuara dhe t\u00eb paracaktuara se kush i fiton.<\/p>\n<p>Konkretisht, projektet e t\u00eb treja rrug\u00ebve kan\u00eb nj\u00eb kosto totale 1.3 mld euro p\u00ebr 82 km rrug\u00eb. Krahasimisht, 1 km rrug\u00eb me projektin PPP t\u00eb Edi Ram\u00ebs kushton 16 mln euro, nd\u00ebrsa me projektin e Bashkimit Europain, kosto p\u00ebr 1 km rrug\u00eb \u00ebsht\u00eb 1.2 milion euro.<\/p>\n<p>Dallimi \u00ebsht\u00eb i friksh\u00ebm dhe tregues se p\u00ebrse qeveria ngulmon t\u00eb nd\u00ebrtoj\u00eb k\u00ebto rrug\u00eb p\u00ebrmes nj\u00eb skeme hajdut\u00ebrie si PPP dhe t\u00eb mos paraqes\u00eb projekte p\u00ebr financim nga Bashkimi Europian.<\/p>\n<p>Kur qeveria lan\u00e7oi dy vite m\u00eb par\u00eb programin 1 mld euro t\u00eb PPP, Partia Demokratike e quajti k\u00ebt\u00eb nj\u00eb skeme t\u00eb Pastrimit t\u00eb Parave t\u00eb Pista, duke e ditur q\u00eb do t\u00eb arrinim n\u00eb k\u00ebt\u00eb nivel t\u00eb grabitjes s\u00eb shqiptar\u00ebve dhe t\u00eb nxjerrjes jasht\u00eb tregut t\u00eb biznesit t\u00eb ndersh\u00ebm.<\/p>\n<p>Shqet\u00ebsimi p\u00ebr rrezikshm\u00ebrin\u00eb e lart\u00eb t\u00eb PPP-v\u00eb t\u00eb Edi Ram\u00ebs u shpreh qart\u00eb pak dit\u00eb m\u00eb par\u00eb edhe nga Departamenti Amerikan i Shtetit dhe nga Fondi Monetar Nd\u00ebrkomb\u00ebtar<\/p>\n<p>K\u00ebto kontrata korruptive do t\u00eb anullohen dhe do t\u00eb jen\u00eb pjes\u00eb e paket\u00ebs antikorrupsion q\u00eb Partia Demokratike do t\u00eb zbatoje dit\u00ebt e para n\u00eb qeverisje.<\/p>\n<p>K\u00ebto kontrata do t\u00eb jen\u00eb subjekt i Ligjit Antimafia, bashk\u00eb me nj\u00eb list\u00eb kontratash abuzive, t\u00eb denoncuara nga Partia Demokratike.<\/p>\n<p>\u00c7do d\u00ebm i shkaktuar ndaj buxhetit te shtetit do t\u00eb rikuperohet.<\/p>\n<p>Asnj\u00eb hap pas n\u00eb luft\u00ebn kund\u00ebr korrupsionit! Asnj\u00eb hap pas deri n\u00eb largimin e Edi Ram\u00ebs!<\/p>\n<p>&nbsp;<\/p>","protected":false},"excerpt":{"rendered":"<p>&nbsp; Partia Demokratike deklaroi sot se Edi Rama refuzoi fondet nga BE p\u00ebr rrug\u00ebt q\u00eb t\u00eb vjedh\u00eb me koncesione dhe projektin e PPP-ve \u201c1 miliard euro\u201d. Ish-deputetja e PD Grida Duma tha se rrug\u00ebt si Milot-Balldren, jan\u00eb pjes\u00eb e autostrad\u00ebs Blu q\u00eb u financua n\u00eb samitin e Poznanit, por Shqip\u00ebria nuk paraqiti asnj\u00eb projekt. Sipas [&hellip;]<\/p>\n","protected":false},"author":2013,"featured_media":51551,"comment_status":"open","ping_status":"closed","sticky":false,"template":"","format":"standard","meta":{"footnotes":""},"categories":[241,235],"tags":[],"class_list":{"0":"post-97480","1":"post","2":"type-post","3":"status-publish","4":"format-standard","5":"has-post-thumbnail","7":"category-aktualitet","8":"category-vendi"},"_links":{"self":[{"href":"https:\/\/zjarr.tv\/en\/wp-json\/wp\/v2\/posts\/97480","targetHints":{"allow":["GET"]}}],"collection":[{"href":"https:\/\/zjarr.tv\/en\/wp-json\/wp\/v2\/posts"}],"about":[{"href":"https:\/\/zjarr.tv\/en\/wp-json\/wp\/v2\/types\/post"}],"author":[{"embeddable":true,"href":"https:\/\/zjarr.tv\/en\/wp-json\/wp\/v2\/users\/2013"}],"replies":[{"embeddable":true,"href":"https:\/\/zjarr.tv\/en\/wp-json\/wp\/v2\/comments?post=97480"}],"version-history":[{"count":0,"href":"https:\/\/zjarr.tv\/en\/wp-json\/wp\/v2\/posts\/97480\/revisions"}],"wp:featuredmedia":[{"embeddable":true,"href":"https:\/\/zjarr.tv\/en\/wp-json\/wp\/v2\/media\/51551"}],"wp:attachment":[{"href":"https:\/\/zjarr.tv\/en\/wp-json\/wp\/v2\/media?parent=97480"}],"wp:term":[{"taxonomy":"category","embeddable":true,"href":"https:\/\/zjarr.tv\/en\/wp-json\/wp\/v2\/categories?post=97480"},{"taxonomy":"post_tag","embeddable":true,"href":"https:\/\/zjarr.tv\/en\/wp-json\/wp\/v2\/tags?post=97480"}],"curies":[{"name":"wp","href":"https:\/\/api.w.org\/{rel}","templated":true}]}}