{"id":97485,"date":"2019-07-20T15:35:34","date_gmt":"2019-07-20T13:35:34","guid":{"rendered":"https:\/\/zjarr.tv\/?p=97485"},"modified":"2019-07-20T15:35:34","modified_gmt":"2019-07-20T13:35:34","slug":"keshilltarja-e-haradinajt-i-pergjigjet-kurtit-kepucet-e-ramushit-gjithmone-do-te-bien-te-medha","status":"publish","type":"post","link":"https:\/\/zjarr.tv\/en\/keshilltarja-e-haradinajt-i-pergjigjet-kurtit-kepucet-e-ramushit-gjithmone-do-te-bien-te-medha\/","title":{"rendered":"K\u00ebshilltarja e Haradinajt i p\u00ebrgjigjet Kurtit: K\u00ebpuc\u00ebt e Ramushit gjithmon\u00eb do t\u00eb bien t\u00eb m\u00ebdha"},"content":{"rendered":"<p>K\u00ebshilltarja e ish-kryeministrit, Ramush Haradinaj, Meliza Haradinaj-Stublla, i ka reaguar sot liderit t\u00eb Vet\u00ebvendosjes, Albin Kurti, pasi ky i fundit e ka komentuar dje dor\u00ebheqjen e Ramush Haradinajt nga posti i Kryeministrit pas ftes\u00ebs nga Gjykata Speciale.<\/p>\n<p>Albin Kurti e ka cil\u00ebsuar dor\u00ebheqjen e Haradinajt si t\u00eb vonuar, por me arsye t\u00eb gabuar.<\/p>\n<p>Nd\u00ebrsa, Meliza Haradinaj duke iu referuar Albin Kurtit, p\u00ebremes nj\u00eb postimi n\u00eb Facebook, ka th\u00ebn\u00eb se i \u00ebsht\u00eb g\u00ebzuar gjall\u00ebris\u00eb s\u00eb tij politike, nj\u00ebsoj sikur Kurti i \u00ebsht\u00eb g\u00ebzuar fatkeq\u00ebsis\u00eb s\u00eb Ramush Haradinajt.<\/p>\n<p>Reagimi i plot\u00eb i Meliza Haradinajt:<\/p>\n<p>\u2018Mir\u00ebm\u00ebngjes Albin,<\/p>\n<p>G\u00ebzim i madh t\u00eb paska qen\u00eb dje, p\u00ebr arritjen e ftes\u00ebs s\u00eb tret\u00eb p\u00ebr Hag\u00eb ndaj Haradinajt.<\/p>\n<p>Kam disa dilema se cil\u00ebs arsye iu g\u00ebzove m\u00eb shum\u00eb:<\/p>\n<ol>\n<li>Leht\u00ebsimit t\u00eb situat\u00ebs p\u00ebr ndarje dhe zhb\u00ebrje t\u00eb Kosov\u00ebs?<\/li>\n<\/ol>\n<p>Apo<\/p>\n<ol start=\"2\">\n<li>Hapjes s\u00eb rrug\u00ebs p\u00ebr heqjen e taks\u00ebs 100% ndaj Serbis\u00eb?<\/li>\n<\/ol>\n<p>Ose<\/p>\n<ol start=\"3\">\n<li>Largimit t\u00eb Ramush Haradinajt nga diametri yt i shkurt\u00ebr politik?<\/li>\n<\/ol>\n<p>Albin,<\/p>\n<p>Mir\u00eb q\u00eb u b\u00ebr\u00eb i gjall\u00eb dje, pas p\u00ebrpjekjeve t\u00eb d\u00ebshtuara n\u00eb rrug\u00ebt qorrsokake q\u00eb zgjodhe p\u00ebr t\u00eb gjetur kauz\u00eb politike. Iu g\u00ebzuam edhe ne gjall\u00ebris\u00eb t\u00ebnde politike, mu ashtu si\u00e7 iu g\u00ebzove edhe ti fatkeq\u00ebsis\u00eb s\u00eb Kosov\u00ebs, AAK-s\u00eb, dhe Ramushit dje.<\/p>\n<p>Humbe mund\u00ebsin\u00eb t\u00eb ndihmosh Kosov\u00ebn Albin, n\u00eb momentin kur vendose t\u2019a l\u00ebsh Kryeministrin Haradinaj t\u00eb luftoj\u00eb i vet\u00ebm, kund\u00ebr ndarjes s\u00eb Kosov\u00ebs, kund\u00ebr dor\u00ebzimit t\u00eb sovranitetit t\u00eb saj Serbis\u00eb, kund\u00ebr p\u00ebrmbysjes s\u00eb sakrific\u00ebs son\u00eb shekullore, kund\u00ebr luft\u00ebs e tragjedis\u00eb s\u00eb re. P\u00ebr mua, p\u00ebr ty, p\u00ebr ne, p\u00ebr f\u00ebmij\u00ebt e mi e tuaj (edhepse ti nuk i rrit\u00eb k\u00ebtu), p\u00ebr t\u00eb ardhmen e p\u00ebrbashk\u00ebt n\u00eb Kosov\u00eb.<\/p>\n<p>G\u00ebzoheshe Albin, sa her\u00eb kryeministri Haradinaj merrte goditje prapa shpin\u00ebs, sepse ti e kishe t\u00eb pamundur mbijetes\u00ebn politike p\u00ebrball\u00eb nj\u00eb kolosi, nj\u00eb gjenerali, nj\u00eb kryeministri zotdal\u00ebs e t\u00eb pamposhtur. K\u00ebshtu do t\u00eb jet\u00eb gjithmon\u00eb, i dashur Albin. K\u00ebpuc\u00ebt e Ramushit gjithmon\u00eb do t\u00eb t\u00eb bijn\u00eb t\u00eb m\u00ebdha.<\/p>\n<p>G\u00ebzimi yt nuk do t\u00eb p\u00ebrcjell\u00eb gjat\u00eb, sepse Kosova do t\u2019i mbijetoj\u00eb goditjeve t\u00eb ul\u00ebta. E p\u00ebr Ramushin, Albin, ti e din q\u00eb ky nuk \u00ebsht\u00eb fundi\u2026<\/p>\n<p>&nbsp;<\/p>","protected":false},"excerpt":{"rendered":"<p>K\u00ebshilltarja e ish-kryeministrit, Ramush Haradinaj, Meliza Haradinaj-Stublla, i ka reaguar sot liderit t\u00eb Vet\u00ebvendosjes, Albin Kurti, pasi ky i fundit e ka komentuar dje dor\u00ebheqjen e Ramush Haradinajt nga posti i Kryeministrit pas ftes\u00ebs nga Gjykata Speciale. Albin Kurti e ka cil\u00ebsuar dor\u00ebheqjen e Haradinajt si t\u00eb vonuar, por me arsye t\u00eb gabuar. Nd\u00ebrsa, Meliza [&hellip;]<\/p>\n","protected":false},"author":2013,"featured_media":97488,"comment_status":"open","ping_status":"closed","sticky":false,"template":"","format":"standard","meta":{"footnotes":""},"categories":[241,2],"tags":[],"class_list":{"0":"post-97485","1":"post","2":"type-post","3":"status-publish","4":"format-standard","5":"has-post-thumbnail","7":"category-aktualitet","8":"category-rajoni"},"_links":{"self":[{"href":"https:\/\/zjarr.tv\/en\/wp-json\/wp\/v2\/posts\/97485","targetHints":{"allow":["GET"]}}],"collection":[{"href":"https:\/\/zjarr.tv\/en\/wp-json\/wp\/v2\/posts"}],"about":[{"href":"https:\/\/zjarr.tv\/en\/wp-json\/wp\/v2\/types\/post"}],"author":[{"embeddable":true,"href":"https:\/\/zjarr.tv\/en\/wp-json\/wp\/v2\/users\/2013"}],"replies":[{"embeddable":true,"href":"https:\/\/zjarr.tv\/en\/wp-json\/wp\/v2\/comments?post=97485"}],"version-history":[{"count":0,"href":"https:\/\/zjarr.tv\/en\/wp-json\/wp\/v2\/posts\/97485\/revisions"}],"wp:featuredmedia":[{"embeddable":true,"href":"https:\/\/zjarr.tv\/en\/wp-json\/wp\/v2\/media\/97488"}],"wp:attachment":[{"href":"https:\/\/zjarr.tv\/en\/wp-json\/wp\/v2\/media?parent=97485"}],"wp:term":[{"taxonomy":"category","embeddable":true,"href":"https:\/\/zjarr.tv\/en\/wp-json\/wp\/v2\/categories?post=97485"},{"taxonomy":"post_tag","embeddable":true,"href":"https:\/\/zjarr.tv\/en\/wp-json\/wp\/v2\/tags?post=97485"}],"curies":[{"name":"wp","href":"https:\/\/api.w.org\/{rel}","templated":true}]}}