{"id":97495,"date":"2019-07-20T15:39:47","date_gmt":"2019-07-20T13:39:47","guid":{"rendered":"https:\/\/zjarr.tv\/?p=97495"},"modified":"2019-07-20T15:39:47","modified_gmt":"2019-07-20T13:39:47","slug":"bujar-nishani-nga-2017-shqiperia-ne-nje-regjim-anarkie","status":"publish","type":"post","link":"https:\/\/zjarr.tv\/en\/bujar-nishani-nga-2017-shqiperia-ne-nje-regjim-anarkie\/","title":{"rendered":"Bujar Nishani: Nga 2017 Shqip\u00ebria n\u00eb nj\u00eb regjim anarkie"},"content":{"rendered":"<p>\u201cQ\u00eb prej 2017 vendin e fut\u00ebn n\u00eb nj\u00eb rregjim anarkie.\u201d K\u00ebshtu shkruan p\u00ebrmes nj\u00eb postimi n\u00eb facebook, ish-presidenti Bujar Nishani.<\/p>\n<p>\u201cT\u00eb nderuar miq, q\u00eb prej vitit 2015 e n\u00eb vijim kemi qen\u00eb \u00e7do dit\u00eb t\u00eb alarmuar dhe n\u00eb betej\u00eb me skandale t\u00eb r\u00ebnda jo vet\u00ebm t\u00eb aspektit korruptiv dhe vjedhjeve shtet\u00ebrore t\u00eb papara m\u00eb par\u00eb por edhe t\u00eb nj\u00eb platforme t\u00eb shkat\u00ebrrimit t\u00eb \u00e7do institucioni (dhe ashtu me dob\u00ebsi q\u00eb kishin qen\u00eb), t\u00eb degradimit t\u00eb shoq\u00ebris\u00eb son\u00eb (dhe ashtu problematike si\u00e7 kish qen\u00eb), t\u00eb rr\u00ebzimit total t\u00eb shtetit ton\u00eb (dhe ashtu i sulmuar vijim\u00ebsisht si\u00e7 kish qen\u00eb).\u201d -shkruan Nishani, nd\u00ebrsa shton se q\u00eb prej 2017 vendin e fut\u00ebn n\u00eb nj\u00eb rregjim anarkie.<\/p>\n<p>\u201cTashm\u00eb pam\u00eb edhe se si nj\u00eb vendim t\u00eb gjykuar gjykate, me k\u00ebrkes\u00eb direkte e publike t\u00eb kryepushtetarit, ta rigjykoj\u00eb, rigjykoj\u00eb, rigjykoj\u00eb e rigjykoj\u00eb sa her\u00eb ti teket \u201cbablokut t\u00eb shpell\u00ebs\u201d, e nj\u00ebjta gjykat\u00eb, pa u nxir\u00eb e pa u zverdhur p\u00ebr kushtetut\u00ebn, kodin, ligjin, shtetin, moralin.<br \/>\nPo, \u00ebsht\u00eb nj\u00eb dhimbje ther\u00ebse p\u00ebr t\u00eb gjith\u00eb ne asgjesimi i shtetit q\u00eb pat\u00ebm (ashtu me shum\u00eb probleme si\u00e7 i kishte).<br \/>\nPor banda e gangsterr\u00ebve k\u00ebrkon t\u00eb asgjesoj\u00eb tani dhe at\u00eb q\u00eb ka mbetur m\u00eb e fundit.<br \/>\nVet\u00ebdijen ton\u00eb !<\/p>\n<p>Vet\u00ebdijen p\u00ebr t\u00eb mos u dor\u00ebzuar,<br \/>\nVet\u00ebdijen p\u00ebr t\u00eb rezistuar,<br \/>\nVet\u00ebdijen p\u00ebr t\u00eb luftuar,<br \/>\nVet\u00ebdijen p\u00ebr tu bashkuar,<br \/>\nVet\u00ebdijen p\u00ebr ta mundur t\u00eb keqen,<br \/>\nVet\u00ebdijen p\u00ebr t\u00eb injoruar (por jo harruar) korin e sorrave p\u00ebrqark t\u00eb drobiturit shtet i mbetur,<br \/>\nVet\u00ebdijen p\u00ebr t\u00eb fituar nj\u00eb nisje t\u00eb re p\u00ebr t\u00eb gjith\u00eb,<br \/>\nP\u00ebr t\u00eb gjitha ata q\u00eb besojn\u00eb me vet\u00ebdije tek e mira \u201cq\u00eb megjithat\u00eb ekziston\u201d.\u201d- p\u00ebrfundon Nishani postimin e tij.<\/p>\n<p>&nbsp;<\/p>","protected":false},"excerpt":{"rendered":"<p>\u201cQ\u00eb prej 2017 vendin e fut\u00ebn n\u00eb nj\u00eb rregjim anarkie.\u201d K\u00ebshtu shkruan p\u00ebrmes nj\u00eb postimi n\u00eb facebook, ish-presidenti Bujar Nishani. \u201cT\u00eb nderuar miq, q\u00eb prej vitit 2015 e n\u00eb vijim kemi qen\u00eb \u00e7do dit\u00eb t\u00eb alarmuar dhe n\u00eb betej\u00eb me skandale t\u00eb r\u00ebnda jo vet\u00ebm t\u00eb aspektit korruptiv dhe vjedhjeve shtet\u00ebrore t\u00eb papara m\u00eb par\u00eb [&hellip;]<\/p>\n","protected":false},"author":2013,"featured_media":69318,"comment_status":"open","ping_status":"closed","sticky":false,"template":"","format":"standard","meta":{"footnotes":""},"categories":[241,235],"tags":[],"class_list":{"0":"post-97495","1":"post","2":"type-post","3":"status-publish","4":"format-standard","5":"has-post-thumbnail","7":"category-aktualitet","8":"category-vendi"},"_links":{"self":[{"href":"https:\/\/zjarr.tv\/en\/wp-json\/wp\/v2\/posts\/97495","targetHints":{"allow":["GET"]}}],"collection":[{"href":"https:\/\/zjarr.tv\/en\/wp-json\/wp\/v2\/posts"}],"about":[{"href":"https:\/\/zjarr.tv\/en\/wp-json\/wp\/v2\/types\/post"}],"author":[{"embeddable":true,"href":"https:\/\/zjarr.tv\/en\/wp-json\/wp\/v2\/users\/2013"}],"replies":[{"embeddable":true,"href":"https:\/\/zjarr.tv\/en\/wp-json\/wp\/v2\/comments?post=97495"}],"version-history":[{"count":0,"href":"https:\/\/zjarr.tv\/en\/wp-json\/wp\/v2\/posts\/97495\/revisions"}],"wp:featuredmedia":[{"embeddable":true,"href":"https:\/\/zjarr.tv\/en\/wp-json\/wp\/v2\/media\/69318"}],"wp:attachment":[{"href":"https:\/\/zjarr.tv\/en\/wp-json\/wp\/v2\/media?parent=97495"}],"wp:term":[{"taxonomy":"category","embeddable":true,"href":"https:\/\/zjarr.tv\/en\/wp-json\/wp\/v2\/categories?post=97495"},{"taxonomy":"post_tag","embeddable":true,"href":"https:\/\/zjarr.tv\/en\/wp-json\/wp\/v2\/tags?post=97495"}],"curies":[{"name":"wp","href":"https:\/\/api.w.org\/{rel}","templated":true}]}}