{"id":97505,"date":"2019-07-20T15:59:15","date_gmt":"2019-07-20T13:59:15","guid":{"rendered":"https:\/\/zjarr.tv\/?p=97505"},"modified":"2019-07-20T15:59:15","modified_gmt":"2019-07-20T13:59:15","slug":"terhiqet-isa-mustafa-nuk-kandidon-me-per-kryetar-te-ldk","status":"publish","type":"post","link":"https:\/\/zjarr.tv\/en\/terhiqet-isa-mustafa-nuk-kandidon-me-per-kryetar-te-ldk\/","title":{"rendered":"T\u00ebrhiqet Isa Mustafa, nuk kandidon m\u00eb p\u00ebr kryetar t\u00eb LDK"},"content":{"rendered":"<p>Isa Mustafa m\u00eb n\u00eb fund ka vendosur t\u00eb t\u00ebrhiqet nga gara p\u00ebr Kryetar t\u00eb LDK-s\u00eb.<\/p>\n<p>Burime t\u00eb Express kan\u00eb th\u00ebn\u00eb se lideri n\u00eb largim i LDK-s\u00eb u ka th\u00ebn\u00eb n\u00eb Kryesi se s\u2019do t\u00eb jet\u00eb kandidat. T\u00eb nj\u00ebjtin q\u00ebndrim ua ka th\u00ebn\u00eb edhe kryetar\u00ebve t\u00eb Deg\u00ebve me t\u00eb cil\u00ebt \u00ebsht\u00eb takuar t\u00eb enjten.<\/p>\n<p>N\u00ebse e mban fjal\u00ebn q\u00eb e ka dh\u00ebn\u00eb n\u00eb Kryesi t\u00eb LDK-s\u00eb at\u00ebher\u00eb Isa Mustafa s\u2019do t\u00eb jet\u00eb as kandidat p\u00ebr Shef t\u00eb LDK-s\u00eb.Mustafa u ka treguar an\u00ebtar\u00ebve t\u00eb Kryesis\u00eb se nuk do t\u00eb jet\u00eb kandidat edhe p\u00ebr nj\u00eb mandat p\u00ebr t\u00eb udh\u00ebhequr partin\u00eb e themeluar nga Ibrahim Rugova.<\/p>\n<p>\u201cKa th\u00ebn\u00eb se do t\u00eb mbik\u00ebqyr procesin deri n\u00eb fund. Por, na ka th\u00ebn\u00eb se s\u2019do t\u00eb jet\u00eb kandidat p\u00ebr Kryetar t\u00eb LDK-s\u00eb\u201d, ka th\u00ebn\u00eb nj\u00eb an\u00ebtar i Kryesis\u00eb s\u00eb LDK-s\u00eb pa dashur t\u2019i p\u00ebrmendet emri.<\/p>\n<p>Nj\u00ebra prej arsyeve p\u00ebr largim nga kreu i LDK-s\u00eb, sipas burimeve, \u00ebsht\u00eb edhe gjendja e tij sh\u00ebndet\u00ebsore. Por, edhe mungesa e p\u00ebrkrahjes e konfirmuar n\u00ebp\u00ebr sondazhe t\u00eb ndryshme.<\/p>\n<p>Nd\u00ebrkoh\u00eb, n\u00eb gar\u00eb kan\u00eb shfaqur ambicie p\u00ebr t\u00eb hyr\u00eb Agim Veliu dhe Lutfi Haziri.<\/p>\n<p>Por, n\u00eb loj\u00eb po vazhdon t\u00eb mbetet edhe Avdullah Hoti.<\/p>\n<p>Sipas burimeve t\u00eb Express Shefin e deputet\u00ebve t\u00eb LDK-s\u00eb p\u00ebrpos Isa Mustaf\u00ebs e p\u00ebrkrahin edhe Gazemend Muhaxheri, Imri Ahmeti dhe Kujtim Shala.<\/p>\n<p>Nd\u00ebrkoh\u00eb, nj\u00eb pjes\u00eb e an\u00ebtar\u00ebsis\u00eb s\u00eb LDK-s\u00eb po vazhdon ta p\u00ebrkrahin rikthimin e Fatmir Sejdiut. Nuk dihet n\u00ebse Fatmir Sejdiu ka p\u00ebrkrahjen edhe t\u00eb delegat\u00ebve tjer\u00eb p\u00ebrpos Prizren, Gjakov\u00eb e Podujev\u00eb.<\/p>\n<p>Express ka shkruar nj\u00eb dit\u00eb m\u00eb par\u00eb se Agim Veliu s\u2019po e fsheh m\u00eb kandidatur\u00ebn p\u00ebr Shef t\u00eb LDK-s\u00eb.<\/p>\n<p>Edhe Lutfi Haziri ka muaj q\u00eb e ka shpallur kandidatur\u00ebn p\u00ebr pasardh\u00ebs t\u00eb Isa Mustaf\u00ebs.<\/p>\n<p>N\u00eb zgjedhjet e fundit n\u00eb LDK, Haziri kishte th\u00ebn\u00eb se nuk po i hyn gar\u00ebs p\u00ebr ta marr\u00eb kreun e partis\u00eb pasi nuk po d\u00ebshiron ta rr\u00ebzoj\u00eb Kryeministrin Mustafa nga pozita partiake.<\/p>\n<p>Nd\u00ebrsa, tash ka shfaqur ambicien p\u00ebr t\u2019u b\u00ebr\u00eb Shef i LDK-s\u00eb por paraprakisht ka k\u00ebrkuar nj\u00eb marr\u00ebveshje politike. Ka k\u00ebrkuar unitet n\u00eb parti p\u00ebr t\u00eb mos pasur \u00e7arje pastaj. Ka shfaqur gatishm\u00ebri t\u2019i bashkoj\u00eb t\u00eb gjitha grupet q\u00eb aktualisht jan\u00eb n\u00eb parti, edhe t\u2019i merr af\u00ebr vetes themeluesit e partis\u00eb.<\/p>\n<p>Vjosa Osmani, koh\u00ebve t\u00eb fundit, ka refuzuar t\u00eb flas\u00eb konkretisht se kur do t\u2019i hyj\u00eb gar\u00ebs p\u00ebr Kryetare t\u00eb Partis\u00eb. N\u00eb gar\u00ebn e fundit n\u00eb LDK s\u2019ishte lejuar as t\u00eb kanidonte meq\u00eb nuk kishte kaluar gar\u00ebn n\u00eb K\u00ebshill t\u00eb P\u00ebrgjithsh\u00ebm t\u00eb LDK-s\u00eb.<\/p>\n<p>Ndryshe, Isa Mustafa, kishte marr\u00eb LDK\u2019n\u00eb n\u00eb fundin e vitit 2010, kur kishte mundur Fatmir Sejdiun. Prej at\u00ebher\u00eb, Mustafa ka sh\u00ebnuar tri humbje t\u00eb zgjedhjeve nacionale, ka humbur Komun\u00ebn e Prishtin\u00ebs, por ka rikthyer disa komuna q\u00eb me her\u00ebt e kishte humbur LDK\u2019ja p\u00ebrfshir\u00eb Pej\u00ebn, Gjilanin e Lipjanin. Isa Mustafa ishte rizgjedhur Kryetar i LDK-s\u00eb n\u00eb mandatin e kaluar me aklamacion pasi nuk e kishin lejuar t\u00eb kishte kund\u00ebrkandidat. Vjosa Osmani kishte d\u00ebshtuar t\u00eb mblidhte n\u00ebnshkrimet p\u00ebr ta sfiduar Mustaf\u00ebn.<\/p>\n<p>Vitin e kaluar, Shefi i LDK-s\u00eb kishte pasur probleme sh\u00ebndet\u00ebsore derisa ishte trajtuar Gjermani. Gjat\u00eb gjith\u00eb koh\u00ebs, LDK ishte udh\u00ebhequr prej N\u00ebnkryetar\u00ebve t\u00eb Partis\u00eb. Aktualisht, LDK ka numrin m\u00eb t\u00eb madh t\u00eb deputet\u00ebve n\u00eb Parlament dhe numrin m\u00eb t\u00eb madh t\u00eb Komunave.<\/p>\n<p>Krejt k\u00ebto zhvillime po ndodhin n\u00eb koh\u00ebn kur Ramush Haradinaj dha dor\u00ebheqje pasi tha se i erdhi ftesa nga Gjykata Speciale, e cila \u00ebsht\u00eb krijuar p\u00ebr t\u2019i ndjekur ish-udh\u00ebheq\u00ebsit e U\u00c7K-s\u00eb t\u00eb dyshuar se kan\u00eb kryer krime lufte.<\/p>\n<p>Koh\u00ebve t\u00eb fundit, Haradinaj prishi raportet me Liderin e PDK-s\u00eb, Kadri Veselin, i cili nga \u00cbashingtoni tha se Kryeministri i Kosov\u00ebs po flet me Amerik\u00ebn sikur me Serbin\u00eb. Haradinaj tha se nj\u00eb deklarat\u00eb e till\u00eb \u00ebsht\u00eb serviliz\u00ebm politik.<\/p>\n<p>Haradinaj ka k\u00ebrkuar t\u00eb shkohet n\u00eb zgjedhje t\u00eb jasht\u00ebzakonshme dhe t\u2019i kthehet vendimmarrja popullit. PDK ka mbetur e hutuar nga ky vendi. LDK e Vet\u00ebvendosje kan\u00eb k\u00ebrkuar zgjedhje t\u00eb jasht\u00ebzakonshme sikurse edhe PSD e NISMA e Fatmir Limajt.<\/p>\n<p>Presidenti pritet gjat\u00eb dit\u00ebve t\u00eb th\u00ebrras partit\u00eb politike p\u00ebr t\u2019u konsultuar p\u00ebr dy opsionet: themelimin e nj\u00eb Qeverie t\u00eb re ose shkuarjen n\u00eb zgjedhje.<\/p>\n<p>Praktikisht, ekziston vet\u00ebm nj\u00eb opsion pasi askush s\u2019ka numra p\u00ebr t\u00eb nd\u00ebrtuar Qeverin\u00eb e re, pasi askush s\u2019mund t\u00eb llogaris\u00eb as n\u00eb votat e List\u00ebs Srpska, e cila ka braktisur koalicionin prej vitit t\u00eb kaluar kur u vendos taksa 100 p\u00ebr qind ndaj produkteve serbe.<\/p>\n<p>Qeveria e Ramush Haradinaj prej kur vendosi taks\u00ebn mbeti Qeveri e pakic\u00ebs e mb\u00ebshtetur p\u00ebr disa vendime nga PSD e Shpend Ahmetit.<\/p>\n<p>Ramush Haradinaj \u00ebsht\u00eb Kryeministri i gjasht\u00eb i Kosov\u00ebs pas Bajram Rexhepit, Bajram Kosumit, Agim \u00c7ekut, Hashim Tha\u00e7it e Isa Mustaf\u00ebs.<\/p>\n<p>Haradinaj kishte udh\u00ebhequr Qeverin\u00eb e Kosov\u00ebs edhe nj\u00eb her\u00eb p\u00ebr 100 dit\u00eb kur ishte detyruar t\u00eb jepte dor\u00ebheqje n\u00eb mars t\u00eb vitit 2005 p\u00ebr t\u00eb shkuar n\u00eb Tribunalin e Hag\u00ebs si i akuzuar p\u00ebr krime lufte. Atje ishte shpallur dy her\u00eb i pafajsh\u00ebm.<\/p>\n<p>Asnj\u00ebri prej Shefave t\u00eb Qeveris\u00eb prej pasluft\u00ebs s\u2019e ka p\u00ebrfunduar mandatin kushtetues.<\/p>\n<p>Prej pasluft\u00ebs jan\u00eb mbajtur gjasht\u00eb pal\u00eb zgjedhje nacionale.<\/p>\n<p>&nbsp;<\/p>","protected":false},"excerpt":{"rendered":"<p>Isa Mustafa m\u00eb n\u00eb fund ka vendosur t\u00eb t\u00ebrhiqet nga gara p\u00ebr Kryetar t\u00eb LDK-s\u00eb. Burime t\u00eb Express kan\u00eb th\u00ebn\u00eb se lideri n\u00eb largim i LDK-s\u00eb u ka th\u00ebn\u00eb n\u00eb Kryesi se s\u2019do t\u00eb jet\u00eb kandidat. T\u00eb nj\u00ebjtin q\u00ebndrim ua ka th\u00ebn\u00eb edhe kryetar\u00ebve t\u00eb Deg\u00ebve me t\u00eb cil\u00ebt \u00ebsht\u00eb takuar t\u00eb enjten. N\u00ebse e [&hellip;]<\/p>\n","protected":false},"author":2013,"featured_media":0,"comment_status":"open","ping_status":"closed","sticky":false,"template":"","format":"standard","meta":{"footnotes":""},"categories":[241,2],"tags":[],"class_list":{"0":"post-97505","1":"post","2":"type-post","3":"status-publish","4":"format-standard","6":"category-aktualitet","7":"category-rajoni"},"_links":{"self":[{"href":"https:\/\/zjarr.tv\/en\/wp-json\/wp\/v2\/posts\/97505","targetHints":{"allow":["GET"]}}],"collection":[{"href":"https:\/\/zjarr.tv\/en\/wp-json\/wp\/v2\/posts"}],"about":[{"href":"https:\/\/zjarr.tv\/en\/wp-json\/wp\/v2\/types\/post"}],"author":[{"embeddable":true,"href":"https:\/\/zjarr.tv\/en\/wp-json\/wp\/v2\/users\/2013"}],"replies":[{"embeddable":true,"href":"https:\/\/zjarr.tv\/en\/wp-json\/wp\/v2\/comments?post=97505"}],"version-history":[{"count":0,"href":"https:\/\/zjarr.tv\/en\/wp-json\/wp\/v2\/posts\/97505\/revisions"}],"wp:attachment":[{"href":"https:\/\/zjarr.tv\/en\/wp-json\/wp\/v2\/media?parent=97505"}],"wp:term":[{"taxonomy":"category","embeddable":true,"href":"https:\/\/zjarr.tv\/en\/wp-json\/wp\/v2\/categories?post=97505"},{"taxonomy":"post_tag","embeddable":true,"href":"https:\/\/zjarr.tv\/en\/wp-json\/wp\/v2\/tags?post=97505"}],"curies":[{"name":"wp","href":"https:\/\/api.w.org\/{rel}","templated":true}]}}