{"id":97507,"date":"2019-07-20T16:08:33","date_gmt":"2019-07-20T14:08:33","guid":{"rendered":"https:\/\/zjarr.tv\/?p=97507"},"modified":"2019-07-20T16:08:33","modified_gmt":"2019-07-20T14:08:33","slug":"publikohen-pamjet-arena-kombetare-merr-formen-perfundimtare","status":"publish","type":"post","link":"https:\/\/zjarr.tv\/en\/publikohen-pamjet-arena-kombetare-merr-formen-perfundimtare\/","title":{"rendered":"Publikohen pamjet, \u201cArena Komb\u00ebtare\u201d merr form\u00ebn p\u00ebrfundimtare"},"content":{"rendered":"<p>Dita-dit\u00ebs, \u201cArena Komb\u00ebtare\u201d po merr form\u00ebn p\u00ebrfundimtare.<\/p>\n<p>Stadiumi q\u00eb po nd\u00ebrtohet n\u00eb g\u00ebrmadhat e impiantit legjendar p\u00ebr futbollin shqiptare \u201cQemal Stafa\u201d \u00ebsht\u00eb futur n\u00eb nj\u00eb faz\u00eb p\u00ebrfundimtare t\u00eb tij.<\/p>\n<p>Nga nj\u00eb v\u00ebzhgim i b\u00ebr\u00eb nga faqja \u201cShqipstadium\u201d n\u00eb pikun e korrikut, 19 korrik 2019 shihet qart\u00eb puna e b\u00ebr\u00eb n\u00eb k\u00ebt\u00eb impiant. P\u00ebrve\u00e7 pjes\u00ebs s\u00eb jashtme q\u00eb thuajse \u00ebsht\u00eb kompletuar me panelet kuqezi edhe n\u00eb brend\u00ebsi t\u00eb stadiumit po hiqen skelat nga tribunat.<\/p>\n<p>Tashm\u00eb vendosja e ndri\u00e7imit dhe drenazhimi i fush\u00ebs jan\u00eb thuasje procese t\u00eb kryera dhe \u00ebsht\u00eb gati p\u00ebr nisjen e mbjelljes s\u00eb barit t\u00eb fush\u00ebs. Nga dita n\u00eb dit\u00eb, pritet q\u00eb t\u00eb nis edhe kompletimi me stola, teksa parashikohet q\u00eb t\u00eb jet\u00eb gati p\u00ebr muajin shtator.<\/p>\n<p>Gjithsesi, ende nuk dihet n\u00ebse do t\u00eb jet\u00eb i gatsh\u00ebm p\u00ebr t\u00eb pritur takimin e muajit shtator mes Shqip\u00ebris\u00eb dhe Island\u00ebs, programuar p\u00ebr tu luajtur m\u00eb 10 shtator n\u00eb or\u00ebn 20:45.<\/p>","protected":false},"excerpt":{"rendered":"<p>Dita-dit\u00ebs, \u201cArena Komb\u00ebtare\u201d po merr form\u00ebn p\u00ebrfundimtare. Stadiumi q\u00eb po nd\u00ebrtohet n\u00eb g\u00ebrmadhat e impiantit legjendar p\u00ebr futbollin shqiptare \u201cQemal Stafa\u201d \u00ebsht\u00eb futur n\u00eb nj\u00eb faz\u00eb p\u00ebrfundimtare t\u00eb tij. Nga nj\u00eb v\u00ebzhgim i b\u00ebr\u00eb nga faqja \u201cShqipstadium\u201d n\u00eb pikun e korrikut, 19 korrik 2019 shihet qart\u00eb puna e b\u00ebr\u00eb n\u00eb k\u00ebt\u00eb impiant. P\u00ebrve\u00e7 pjes\u00ebs s\u00eb [&hellip;]<\/p>\n","protected":false},"author":2013,"featured_media":97508,"comment_status":"open","ping_status":"closed","sticky":false,"template":"","format":"standard","meta":{"footnotes":""},"categories":[241,192],"tags":[],"class_list":{"0":"post-97507","1":"post","2":"type-post","3":"status-publish","4":"format-standard","5":"has-post-thumbnail","7":"category-aktualitet","8":"category-sport"},"_links":{"self":[{"href":"https:\/\/zjarr.tv\/en\/wp-json\/wp\/v2\/posts\/97507","targetHints":{"allow":["GET"]}}],"collection":[{"href":"https:\/\/zjarr.tv\/en\/wp-json\/wp\/v2\/posts"}],"about":[{"href":"https:\/\/zjarr.tv\/en\/wp-json\/wp\/v2\/types\/post"}],"author":[{"embeddable":true,"href":"https:\/\/zjarr.tv\/en\/wp-json\/wp\/v2\/users\/2013"}],"replies":[{"embeddable":true,"href":"https:\/\/zjarr.tv\/en\/wp-json\/wp\/v2\/comments?post=97507"}],"version-history":[{"count":0,"href":"https:\/\/zjarr.tv\/en\/wp-json\/wp\/v2\/posts\/97507\/revisions"}],"wp:featuredmedia":[{"embeddable":true,"href":"https:\/\/zjarr.tv\/en\/wp-json\/wp\/v2\/media\/97508"}],"wp:attachment":[{"href":"https:\/\/zjarr.tv\/en\/wp-json\/wp\/v2\/media?parent=97507"}],"wp:term":[{"taxonomy":"category","embeddable":true,"href":"https:\/\/zjarr.tv\/en\/wp-json\/wp\/v2\/categories?post=97507"},{"taxonomy":"post_tag","embeddable":true,"href":"https:\/\/zjarr.tv\/en\/wp-json\/wp\/v2\/tags?post=97507"}],"curies":[{"name":"wp","href":"https:\/\/api.w.org\/{rel}","templated":true}]}}