{"id":97510,"date":"2019-07-20T16:44:22","date_gmt":"2019-07-20T14:44:22","guid":{"rendered":"https:\/\/zjarr.tv\/?p=97510"},"modified":"2019-07-20T16:44:22","modified_gmt":"2019-07-20T14:44:22","slug":"vasili-po-thirren-ne-hage-politikanet-qe-jane-kunder-ndryshimit-te-kufijve-me-serbine","status":"publish","type":"post","link":"https:\/\/zjarr.tv\/en\/vasili-po-thirren-ne-hage-politikanet-qe-jane-kunder-ndryshimit-te-kufijve-me-serbine\/","title":{"rendered":"Vasili: Po thirren n\u00eb Hag\u00eb, politikan\u00ebt q\u00eb jan\u00eb kund\u00ebr ndryshimit t\u00eb kufijve me Serbin\u00eb"},"content":{"rendered":"<p>Thirrjen n\u00eb Gjykat\u00ebn Speciale dhe dor\u00ebheqjen e Ramush Haradinajt nga posti i kryeministrit t\u00eb Kosov\u00ebs, n\u00ebnkryetari i LSI Petrit Vasili e lidh me kund\u00ebrshtimin e tij ndaj ndryshimit t\u00eb kufijve.<\/p>\n<p>Nisur nga kjo, por edhe nga thirrja q\u00eb i \u00ebsht\u00eb b\u00ebr\u00eb edhe ish z\u00ebdh\u00ebn\u00ebsit t\u00eb U\u00c7K, Jakup Krasniqi, Vasili \u201cpret\u201d edhe thirrjen n\u00eb Speciale t\u00eb Edita Tahirit, nj\u00eb tjet\u00ebr politikane e shprehur hapur kund\u00ebr ndryshimit t\u00eb kufijve.<\/p>\n<p>\u201cPo Edita Tahirin kur do ta th\u00ebrrasin? Ramushin e th\u00ebrrasin n\u00eb tribunalin e Hag\u00ebs, Jakup Krasniqin po ashtu.<\/p>\n<p>Ata kan\u00eb kund\u00ebrshtuar pa asnj\u00eb kompromis, me shum\u00eb patrotiz\u00ebm dhe me gjith\u00eb zem\u00ebr ndryshimin e kufijve t\u00eb Kosoves me Serbin\u00eb.<\/p>\n<p>Po Edita Tahirin kur do ta th\u00ebrrasin, sepse edhe ajo ka kund\u00ebrshtuar me shum\u00eb forc\u00eb ndryshimin e kufijve\u201d, shkruan Vasili n\u00eb reagimin e tij.<\/p>\n<p>&nbsp;<\/p>\n<p>&nbsp;<\/p>","protected":false},"excerpt":{"rendered":"<p>Thirrjen n\u00eb Gjykat\u00ebn Speciale dhe dor\u00ebheqjen e Ramush Haradinajt nga posti i kryeministrit t\u00eb Kosov\u00ebs, n\u00ebnkryetari i LSI Petrit Vasili e lidh me kund\u00ebrshtimin e tij ndaj ndryshimit t\u00eb kufijve. Nisur nga kjo, por edhe nga thirrja q\u00eb i \u00ebsht\u00eb b\u00ebr\u00eb edhe ish z\u00ebdh\u00ebn\u00ebsit t\u00eb U\u00c7K, Jakup Krasniqi, Vasili \u201cpret\u201d edhe thirrjen n\u00eb Speciale t\u00eb [&hellip;]<\/p>\n","protected":false},"author":2013,"featured_media":70374,"comment_status":"open","ping_status":"closed","sticky":false,"template":"","format":"standard","meta":{"footnotes":""},"categories":[241,235],"tags":[],"class_list":{"0":"post-97510","1":"post","2":"type-post","3":"status-publish","4":"format-standard","5":"has-post-thumbnail","7":"category-aktualitet","8":"category-vendi"},"_links":{"self":[{"href":"https:\/\/zjarr.tv\/en\/wp-json\/wp\/v2\/posts\/97510","targetHints":{"allow":["GET"]}}],"collection":[{"href":"https:\/\/zjarr.tv\/en\/wp-json\/wp\/v2\/posts"}],"about":[{"href":"https:\/\/zjarr.tv\/en\/wp-json\/wp\/v2\/types\/post"}],"author":[{"embeddable":true,"href":"https:\/\/zjarr.tv\/en\/wp-json\/wp\/v2\/users\/2013"}],"replies":[{"embeddable":true,"href":"https:\/\/zjarr.tv\/en\/wp-json\/wp\/v2\/comments?post=97510"}],"version-history":[{"count":0,"href":"https:\/\/zjarr.tv\/en\/wp-json\/wp\/v2\/posts\/97510\/revisions"}],"wp:featuredmedia":[{"embeddable":true,"href":"https:\/\/zjarr.tv\/en\/wp-json\/wp\/v2\/media\/70374"}],"wp:attachment":[{"href":"https:\/\/zjarr.tv\/en\/wp-json\/wp\/v2\/media?parent=97510"}],"wp:term":[{"taxonomy":"category","embeddable":true,"href":"https:\/\/zjarr.tv\/en\/wp-json\/wp\/v2\/categories?post=97510"},{"taxonomy":"post_tag","embeddable":true,"href":"https:\/\/zjarr.tv\/en\/wp-json\/wp\/v2\/tags?post=97510"}],"curies":[{"name":"wp","href":"https:\/\/api.w.org\/{rel}","templated":true}]}}