{"id":97512,"date":"2019-07-20T16:45:27","date_gmt":"2019-07-20T14:45:27","guid":{"rendered":"https:\/\/zjarr.tv\/?p=97512"},"modified":"2019-07-20T16:45:27","modified_gmt":"2019-07-20T14:45:27","slug":"detajet-arrestohet-shqiptari-punonte-si-shperndares-lendesh-narkotike","status":"publish","type":"post","link":"https:\/\/zjarr.tv\/en\/detajet-arrestohet-shqiptari-punonte-si-shperndares-lendesh-narkotike\/","title":{"rendered":"Detajet\/ Arrestohet shqiptari, punonte si shp\u00ebrndar\u00ebs l\u00ebnd\u00ebsh narkotike"},"content":{"rendered":"<p>Nj\u00eb shqiptar\u00a0 ka r\u00ebn\u00eb n\u00eb prangat e policis\u00eb italiane, n\u00ebn akuz\u00ebn e trafikimit t\u00eb drog\u00ebs.<\/p>\n<p>Mediet italiane raportojn\u00eb se shqiptari \u00ebsht\u00eb rreth 25-vje\u00e7 dhe ishte nj\u00eb em\u00ebr i njohur p\u00ebr policin\u00eb.<\/p>\n<p>Gjat\u00eb kontrollit n\u00eb sht\u00ebpin\u00eb e tij n\u00eb Cattolice, u gjet dhe sekuestruan 52 gram kokain\u00eb, disa materiale paketimi dhe 19,200 \u20ac n\u00eb para t\u00eb gatshme.<\/p>\n<p>Parat\u00eb dyshohet se jan\u00eb t\u00eb ardhura nga aktiviteti kriminal.<\/p>\n<p>&nbsp;<\/p>","protected":false},"excerpt":{"rendered":"<p>Nj\u00eb shqiptar\u00a0 ka r\u00ebn\u00eb n\u00eb prangat e policis\u00eb italiane, n\u00ebn akuz\u00ebn e trafikimit t\u00eb drog\u00ebs. Mediet italiane raportojn\u00eb se shqiptari \u00ebsht\u00eb rreth 25-vje\u00e7 dhe ishte nj\u00eb em\u00ebr i njohur p\u00ebr policin\u00eb. Gjat\u00eb kontrollit n\u00eb sht\u00ebpin\u00eb e tij n\u00eb Cattolice, u gjet dhe sekuestruan 52 gram kokain\u00eb, disa materiale paketimi dhe 19,200 \u20ac n\u00eb para t\u00eb [&hellip;]<\/p>\n","protected":false},"author":2013,"featured_media":97513,"comment_status":"open","ping_status":"closed","sticky":false,"template":"","format":"standard","meta":{"footnotes":""},"categories":[241,235],"tags":[],"class_list":{"0":"post-97512","1":"post","2":"type-post","3":"status-publish","4":"format-standard","5":"has-post-thumbnail","7":"category-aktualitet","8":"category-vendi"},"_links":{"self":[{"href":"https:\/\/zjarr.tv\/en\/wp-json\/wp\/v2\/posts\/97512","targetHints":{"allow":["GET"]}}],"collection":[{"href":"https:\/\/zjarr.tv\/en\/wp-json\/wp\/v2\/posts"}],"about":[{"href":"https:\/\/zjarr.tv\/en\/wp-json\/wp\/v2\/types\/post"}],"author":[{"embeddable":true,"href":"https:\/\/zjarr.tv\/en\/wp-json\/wp\/v2\/users\/2013"}],"replies":[{"embeddable":true,"href":"https:\/\/zjarr.tv\/en\/wp-json\/wp\/v2\/comments?post=97512"}],"version-history":[{"count":0,"href":"https:\/\/zjarr.tv\/en\/wp-json\/wp\/v2\/posts\/97512\/revisions"}],"wp:featuredmedia":[{"embeddable":true,"href":"https:\/\/zjarr.tv\/en\/wp-json\/wp\/v2\/media\/97513"}],"wp:attachment":[{"href":"https:\/\/zjarr.tv\/en\/wp-json\/wp\/v2\/media?parent=97512"}],"wp:term":[{"taxonomy":"category","embeddable":true,"href":"https:\/\/zjarr.tv\/en\/wp-json\/wp\/v2\/categories?post=97512"},{"taxonomy":"post_tag","embeddable":true,"href":"https:\/\/zjarr.tv\/en\/wp-json\/wp\/v2\/tags?post=97512"}],"curies":[{"name":"wp","href":"https:\/\/api.w.org\/{rel}","templated":true}]}}