{"id":97515,"date":"2019-07-20T16:47:15","date_gmt":"2019-07-20T14:47:15","guid":{"rendered":"https:\/\/zjarr.tv\/?p=97515"},"modified":"2019-07-20T16:47:15","modified_gmt":"2019-07-20T14:47:15","slug":"studentet-preferojne-me-shume-vendet-e-europes-per-studime","status":"publish","type":"post","link":"https:\/\/zjarr.tv\/en\/studentet-preferojne-me-shume-vendet-e-europes-per-studime\/","title":{"rendered":"Student\u00ebt preferojn\u00eb m\u00eb shum\u00eb vendet e Europ\u00ebs p\u00ebr studime"},"content":{"rendered":"<p>N\u00eb m\u00eb pak se nj\u00eb muaj, 2 mij\u00eb e 800 maturant\u00eb kan\u00eb nisur procedurat p\u00ebr t\u00eb ndjekur studimet jasht\u00eb shtetit.<\/p>\n<p>Europa mbetet m\u00eb e preferuar p\u00ebr t\u00eb rinjt\u00eb p\u00ebr mund\u00ebsit\u00eb q\u00eb ofron n\u00eb studime dhe jetes\u00eb.<\/p>\n<p><strong>Agim Alia:\u00a0<\/strong><em>T\u00eb gjith\u00eb maturant\u00ebt q\u00eb jan\u00eb t\u00eb pajisur me dokumentet e p\u00ebrfundimit t\u00eb shkoll\u00ebs s\u00eb mesme, me diplomat e shkoll\u00ebs s\u00eb mesme dhe certifikat\u00ebn e l\u00ebshuar nga shkolla kan\u00eb vijuar me procedurat e legalizmimit t\u00eb k\u00ebtyre dokumenteve n\u00eb qendr\u00ebn e sh\u00ebrbimeve arsimore. Q\u00eb nga fillimi i muajit korrik dhe deri tani n\u00eb qendr\u00ebn e sh\u00ebrbimeve arsimore jan\u00eb paraqitur rreth 2.800 aplikime p\u00ebr legalizimin e dokumenteve t\u00eb l\u00ebshuara nga instititucionet e arsimit parauniversitar.<\/em><\/p>\n<p>Krahasuar me nj\u00eb vit m\u00eb par\u00eb numri i maturant\u00ebve q\u00eb do t\u00eb largohen \u00ebsht\u00eb i p\u00ebraf\u00ebrt.<\/p>\n<p><strong>Agim Alia:\u00a0<\/strong><em>Krahasuar me statistikat e viteve t\u00eb m\u00ebparshme, jemi pothuajse n\u00eb t\u00eb nj\u00ebjtat shifra. Pothuajse numri \u00ebsht\u00eb i nj\u00ebjt\u00eb. T\u00eb gjith\u00eb maturant\u00ebt, kandidat\u00ebt q\u00eb duan t\u00eb vijojn\u00eb studimet n\u00eb institucionet e huaja t\u00eb arsimit t\u00eb lart\u00eb kan\u00eb kryer legalizimet e dokumenteve.<\/em><\/p>\n<p>Por ka edhe nga ata t\u00eb cil\u00ebt pasi p\u00ebrfundojn\u00eb studimet kthehen s\u00ebrish n\u00eb Shqip\u00ebri. Prej vitit 2017 jan\u00eb kthyer rreth 1 mij\u00eb t\u00eb rinj.<\/p>\n<p><strong>Agim Alia:\u00a0<\/strong><em>Pjesa m\u00eb e madhe jan\u00eb shtetas shqiptar\u00eb q\u00eb kan\u00eb kryer studimet jasht\u00eb vendit, por nj\u00eb pjes\u00eb e konsiderueshme jan\u00eb edhe shtetas t\u00eb huaj q\u00eb d\u00ebshirojn\u00eb t\u00eb ushtrojn\u00eb profesionin n\u00eb Shqip\u00ebri. Nj\u00eb pjes\u00eb e madhe i p\u00ebrkasin sidomos profesioneve t\u00eb mjek\u00ebsis\u00eb, t\u00eb cil\u00ebt d\u00ebshirojn\u00eb t\u00eb kryejn\u00eb nj\u00eb lloj nj\u00ebsimi dh em\u00eb pas t\u00eb vijojn\u00eb t\u00eb ushtrojn\u00eb profesionin n\u00eb vendin ton\u00eb.<\/em><\/p>\n<p>P\u00ebr ata q\u00eb ende e shohin t\u00eb ardhmen n\u00eb Shqip\u00ebri, aplikimet p\u00ebr n\u00eb universitet do t\u00eb nisin n\u00eb fund t\u00eb muajit korrik.<\/p>\n<p>&nbsp;<\/p>","protected":false},"excerpt":{"rendered":"<p>N\u00eb m\u00eb pak se nj\u00eb muaj, 2 mij\u00eb e 800 maturant\u00eb kan\u00eb nisur procedurat p\u00ebr t\u00eb ndjekur studimet jasht\u00eb shtetit. Europa mbetet m\u00eb e preferuar p\u00ebr t\u00eb rinjt\u00eb p\u00ebr mund\u00ebsit\u00eb q\u00eb ofron n\u00eb studime dhe jetes\u00eb. Agim Alia:\u00a0T\u00eb gjith\u00eb maturant\u00ebt q\u00eb jan\u00eb t\u00eb pajisur me dokumentet e p\u00ebrfundimit t\u00eb shkoll\u00ebs s\u00eb mesme, me diplomat e [&hellip;]<\/p>\n","protected":false},"author":2013,"featured_media":59744,"comment_status":"open","ping_status":"closed","sticky":false,"template":"","format":"standard","meta":{"footnotes":""},"categories":[241,235],"tags":[],"class_list":{"0":"post-97515","1":"post","2":"type-post","3":"status-publish","4":"format-standard","5":"has-post-thumbnail","7":"category-aktualitet","8":"category-vendi"},"_links":{"self":[{"href":"https:\/\/zjarr.tv\/en\/wp-json\/wp\/v2\/posts\/97515","targetHints":{"allow":["GET"]}}],"collection":[{"href":"https:\/\/zjarr.tv\/en\/wp-json\/wp\/v2\/posts"}],"about":[{"href":"https:\/\/zjarr.tv\/en\/wp-json\/wp\/v2\/types\/post"}],"author":[{"embeddable":true,"href":"https:\/\/zjarr.tv\/en\/wp-json\/wp\/v2\/users\/2013"}],"replies":[{"embeddable":true,"href":"https:\/\/zjarr.tv\/en\/wp-json\/wp\/v2\/comments?post=97515"}],"version-history":[{"count":0,"href":"https:\/\/zjarr.tv\/en\/wp-json\/wp\/v2\/posts\/97515\/revisions"}],"wp:featuredmedia":[{"embeddable":true,"href":"https:\/\/zjarr.tv\/en\/wp-json\/wp\/v2\/media\/59744"}],"wp:attachment":[{"href":"https:\/\/zjarr.tv\/en\/wp-json\/wp\/v2\/media?parent=97515"}],"wp:term":[{"taxonomy":"category","embeddable":true,"href":"https:\/\/zjarr.tv\/en\/wp-json\/wp\/v2\/categories?post=97515"},{"taxonomy":"post_tag","embeddable":true,"href":"https:\/\/zjarr.tv\/en\/wp-json\/wp\/v2\/tags?post=97515"}],"curies":[{"name":"wp","href":"https:\/\/api.w.org\/{rel}","templated":true}]}}