{"id":97517,"date":"2019-07-20T16:49:22","date_gmt":"2019-07-20T14:49:22","guid":{"rendered":"https:\/\/zjarr.tv\/?p=97517"},"modified":"2019-07-20T16:49:22","modified_gmt":"2019-07-20T14:49:22","slug":"komisioneri-hahn-me-nje-mandat-te-dyte-ne-postin-e-tij-aktual","status":"publish","type":"post","link":"https:\/\/zjarr.tv\/en\/komisioneri-hahn-me-nje-mandat-te-dyte-ne-postin-e-tij-aktual\/","title":{"rendered":"Komisioneri Hahn me nj\u00eb mandat t\u00eb dyt\u00eb n\u00eb postin e tij aktual"},"content":{"rendered":"<p>Parlamenti dhe qeveria austriake em\u00ebruan eurokomisionerin e tanish\u00ebm p\u00ebr Zgjerim dhe Politik\u00eb Fqinj\u00ebsore, Johannes Hahn p\u00ebr nj\u00eb tjet\u00ebr mandat pes\u00ebvje\u00e7ar.<\/p>\n<p>Sipas kancelares Brigitte Bierlein, Hahn-i \u00ebsht\u00eb nj\u00eb \u201ckandidat shum\u00eb i p\u00ebrshtatsh\u00ebm\u201d p\u00ebr k\u00ebt\u00eb detyr\u00eb.<\/p>\n<p>Megjithat\u00eb, sipas spekulimeve, presidentja e sapozgjedhur e Komisionit Europian Ursula von der Leyen mund ta hidhte posht\u00eb nominimin e Hahn-it pas objektivit t\u00eb saj q\u00eb 50% e an\u00ebtar\u00ebve t\u00eb kabinetit t\u00eb jen\u00eb femra.<\/p>\n<p>Lidhur me k\u00ebt\u00eb, kancelarja Bierlein komentoi se \u201cnuk ka shum\u00eb mund\u00ebsi\u201d dhe se Hahn kishte fituar mb\u00ebshtetje t\u00eb gjer\u00eb n\u00eb parlamentin e vendit.<\/p>\n<p>&nbsp;<\/p>","protected":false},"excerpt":{"rendered":"<p>Parlamenti dhe qeveria austriake em\u00ebruan eurokomisionerin e tanish\u00ebm p\u00ebr Zgjerim dhe Politik\u00eb Fqinj\u00ebsore, Johannes Hahn p\u00ebr nj\u00eb tjet\u00ebr mandat pes\u00ebvje\u00e7ar. Sipas kancelares Brigitte Bierlein, Hahn-i \u00ebsht\u00eb nj\u00eb \u201ckandidat shum\u00eb i p\u00ebrshtatsh\u00ebm\u201d p\u00ebr k\u00ebt\u00eb detyr\u00eb. Megjithat\u00eb, sipas spekulimeve, presidentja e sapozgjedhur e Komisionit Europian Ursula von der Leyen mund ta hidhte posht\u00eb nominimin e Hahn-it pas [&hellip;]<\/p>\n","protected":false},"author":2013,"featured_media":62692,"comment_status":"open","ping_status":"closed","sticky":false,"template":"","format":"standard","meta":{"footnotes":""},"categories":[241,191],"tags":[],"class_list":{"0":"post-97517","1":"post","2":"type-post","3":"status-publish","4":"format-standard","5":"has-post-thumbnail","7":"category-aktualitet","8":"category-bota"},"_links":{"self":[{"href":"https:\/\/zjarr.tv\/en\/wp-json\/wp\/v2\/posts\/97517","targetHints":{"allow":["GET"]}}],"collection":[{"href":"https:\/\/zjarr.tv\/en\/wp-json\/wp\/v2\/posts"}],"about":[{"href":"https:\/\/zjarr.tv\/en\/wp-json\/wp\/v2\/types\/post"}],"author":[{"embeddable":true,"href":"https:\/\/zjarr.tv\/en\/wp-json\/wp\/v2\/users\/2013"}],"replies":[{"embeddable":true,"href":"https:\/\/zjarr.tv\/en\/wp-json\/wp\/v2\/comments?post=97517"}],"version-history":[{"count":0,"href":"https:\/\/zjarr.tv\/en\/wp-json\/wp\/v2\/posts\/97517\/revisions"}],"wp:featuredmedia":[{"embeddable":true,"href":"https:\/\/zjarr.tv\/en\/wp-json\/wp\/v2\/media\/62692"}],"wp:attachment":[{"href":"https:\/\/zjarr.tv\/en\/wp-json\/wp\/v2\/media?parent=97517"}],"wp:term":[{"taxonomy":"category","embeddable":true,"href":"https:\/\/zjarr.tv\/en\/wp-json\/wp\/v2\/categories?post=97517"},{"taxonomy":"post_tag","embeddable":true,"href":"https:\/\/zjarr.tv\/en\/wp-json\/wp\/v2\/tags?post=97517"}],"curies":[{"name":"wp","href":"https:\/\/api.w.org\/{rel}","templated":true}]}}