{"id":97520,"date":"2019-07-20T18:30:49","date_gmt":"2019-07-20T16:30:49","guid":{"rendered":"https:\/\/zjarr.tv\/?p=97520"},"modified":"2019-07-20T16:52:00","modified_gmt":"2019-07-20T14:52:00","slug":"pacolli-i-palekundur-perkushtimi-amerikan-per-kosoven","status":"publish","type":"post","link":"https:\/\/zjarr.tv\/en\/pacolli-i-palekundur-perkushtimi-amerikan-per-kosoven\/","title":{"rendered":"Pacolli: I pal\u00ebkundur p\u00ebrkushtimi amerikan p\u00ebr Kosov\u00ebn"},"content":{"rendered":"<p>Z\u00ebvend\u00ebskryeministri i Kosov\u00ebs dhe ministri i Pun\u00ebve t\u00eb Jashtme, Behgjet Pacolli ka takuar ndihm\u00ebs sekretarin amerikan t\u00eb shtetit, Philip Reeker.<br \/>\nNd\u00ebrsa, pas takimit ka th\u00ebn\u00eb se Kosova \u00ebsht\u00eb me fat q\u00eb n\u00eb rrug\u00ebtimin e vet ec p\u00ebrkrah shtetit m\u00eb t\u00eb fuqish\u00ebm dhe m\u00eb demokratik t\u00eb bot\u00ebs.<br \/>\nPacolli ka th\u00ebn\u00eb se p\u00ebrkushtimi amerikan p\u00ebr Kosov\u00ebn \u00ebsht\u00eb i pal\u00ebkundur.<br \/>\n\u201cTakim shum\u00eb i r\u00ebnd\u00ebsish\u00ebm me ndihm\u00ebs sekretarin amerikan t\u00eb shtetit Philip Reeker. Aleanca jon\u00eb me SHBA \u00ebsht\u00eb jasht\u00ebzakonisht e r\u00ebnd\u00ebsishme p\u00ebr t\u00eb ardhmen euroatlantike. P\u00ebrkushtimi amerikan p\u00ebr Kosov\u00ebn \u00ebsht\u00eb i pal\u00ebkundur. Kosova \u00ebsht\u00eb me fat q\u00eb n\u00eb rrug\u00ebtimin e vet ec p\u00ebrkrah shtetit m\u00eb t\u00eb fuqish\u00ebm dhe m\u00eb demokratik t\u00eb bot\u00ebs\u201d, ka shkruar Pacolli n\u00eb nj\u00eb postim n\u00eb Facebook.<\/p>","protected":false},"excerpt":{"rendered":"<p>Z\u00ebvend\u00ebskryeministri i Kosov\u00ebs dhe ministri i Pun\u00ebve t\u00eb Jashtme, Behgjet Pacolli ka takuar ndihm\u00ebs sekretarin amerikan t\u00eb shtetit, Philip Reeker. Nd\u00ebrsa, pas takimit ka th\u00ebn\u00eb se Kosova \u00ebsht\u00eb me fat q\u00eb n\u00eb rrug\u00ebtimin e vet ec p\u00ebrkrah shtetit m\u00eb t\u00eb fuqish\u00ebm dhe m\u00eb demokratik t\u00eb bot\u00ebs. Pacolli ka th\u00ebn\u00eb se p\u00ebrkushtimi amerikan p\u00ebr Kosov\u00ebn \u00ebsht\u00eb [&hellip;]<\/p>\n","protected":false},"author":2013,"featured_media":53325,"comment_status":"open","ping_status":"closed","sticky":false,"template":"","format":"standard","meta":{"footnotes":""},"categories":[241,2],"tags":[],"class_list":{"0":"post-97520","1":"post","2":"type-post","3":"status-publish","4":"format-standard","5":"has-post-thumbnail","7":"category-aktualitet","8":"category-rajoni"},"_links":{"self":[{"href":"https:\/\/zjarr.tv\/en\/wp-json\/wp\/v2\/posts\/97520","targetHints":{"allow":["GET"]}}],"collection":[{"href":"https:\/\/zjarr.tv\/en\/wp-json\/wp\/v2\/posts"}],"about":[{"href":"https:\/\/zjarr.tv\/en\/wp-json\/wp\/v2\/types\/post"}],"author":[{"embeddable":true,"href":"https:\/\/zjarr.tv\/en\/wp-json\/wp\/v2\/users\/2013"}],"replies":[{"embeddable":true,"href":"https:\/\/zjarr.tv\/en\/wp-json\/wp\/v2\/comments?post=97520"}],"version-history":[{"count":0,"href":"https:\/\/zjarr.tv\/en\/wp-json\/wp\/v2\/posts\/97520\/revisions"}],"wp:featuredmedia":[{"embeddable":true,"href":"https:\/\/zjarr.tv\/en\/wp-json\/wp\/v2\/media\/53325"}],"wp:attachment":[{"href":"https:\/\/zjarr.tv\/en\/wp-json\/wp\/v2\/media?parent=97520"}],"wp:term":[{"taxonomy":"category","embeddable":true,"href":"https:\/\/zjarr.tv\/en\/wp-json\/wp\/v2\/categories?post=97520"},{"taxonomy":"post_tag","embeddable":true,"href":"https:\/\/zjarr.tv\/en\/wp-json\/wp\/v2\/tags?post=97520"}],"curies":[{"name":"wp","href":"https:\/\/api.w.org\/{rel}","templated":true}]}}