{"id":97522,"date":"2019-07-20T18:40:53","date_gmt":"2019-07-20T16:40:53","guid":{"rendered":"https:\/\/zjarr.tv\/?p=97522"},"modified":"2019-07-20T16:54:39","modified_gmt":"2019-07-20T14:54:39","slug":"thaci-asnje-gjykate-smund-ta-njollose-luften-e-uck-se","status":"publish","type":"post","link":"https:\/\/zjarr.tv\/en\/thaci-asnje-gjykate-smund-ta-njollose-luften-e-uck-se\/","title":{"rendered":"Tha\u00e7i: Asnj\u00eb gjykat\u00eb s\u2019mund ta njollos\u00eb luft\u00ebn e U\u00c7K-s\u00eb"},"content":{"rendered":"<p>Hashim Tha\u00e7i, ka reaguar pas lajmit t\u00eb publikuar se ish-z\u00ebdh\u00ebn\u00ebsi i U\u00c7K-s\u00eb, Jakup Krasniqi, ka pranuar ftes\u00eb nga Gjykata Speciale.<\/p>\n<p>N\u00eb reagimin e tij kreu i shtetit \u00ebsht\u00eb shprehur i bindur se ish-pjes\u00ebtar\u00ebt e U\u00c7K-s\u00eb do t\u00eb dalin fitimtar\u00eb n\u00eb betej\u00ebn me Specialen.<\/p>\n<p>M\u00eb posht\u00eb mund ta gjeni t\u00eb plot\u00eb reagimin e Tha\u00e7it:<\/p>\n<p>Lufta e Ushtris\u00eb \u00c7lirimtare t\u00eb Kosov\u00ebs ka qen\u00eb dhe do t\u00eb mbetet p\u00ebrjet\u00ebsisht e past\u00ebr dhe e drejt\u00eb. Asnj\u00eb gjykat\u00eb, as vendore, as nd\u00ebrkomb\u00ebtare, nuk mund ta njollos at\u00eb. Me Jakup Krasniqin, me an\u00ebtar\u00ebt e tjer\u00eb t\u00eb Shtabit t\u00eb P\u00ebrgjithsh\u00ebm, komandant\u00ebt e zonave dhe ushtar\u00ebt q\u00eb jan\u00eb ftuar nga Gjykata Speciale, ne e kemi mbrojtur popullin dhe e kemi luftuar armikun deri n\u00eb \u00e7lirimin e vendit ton\u00eb. Si president i vendit, si bashk\u00ebluft\u00ebtar, e \u00e7moj shum\u00eb gatishm\u00ebrin\u00eb e t\u00eb gjith\u00ebve q\u00eb t\u00eb bashk\u00ebpunojn\u00eb me drejt\u00ebsin\u00eb. Duke bashk\u00ebpunuar me drejt\u00ebsin\u00eb ndihmojm\u00eb q\u00eb t\u00eb ngadh\u00ebnjej\u00eb e v\u00ebrteta p\u00ebr luft\u00ebn ton\u00eb \u00e7lirimtare. Jam i bindur q\u00eb, nj\u00ebjt\u00eb sikurse n\u00eb t\u00eb kaluar\u00ebn, s\u00ebrish do t\u00eb dalim fitimtar\u00eb. Past\u00ebrtia e luft\u00ebs son\u00eb do t\u00eb d\u00ebshmohet p\u00ebrball\u00eb \u00e7do gjykate!<\/p>\n<p>&nbsp;<\/p>","protected":false},"excerpt":{"rendered":"<p>Hashim Tha\u00e7i, ka reaguar pas lajmit t\u00eb publikuar se ish-z\u00ebdh\u00ebn\u00ebsi i U\u00c7K-s\u00eb, Jakup Krasniqi, ka pranuar ftes\u00eb nga Gjykata Speciale. N\u00eb reagimin e tij kreu i shtetit \u00ebsht\u00eb shprehur i bindur se ish-pjes\u00ebtar\u00ebt e U\u00c7K-s\u00eb do t\u00eb dalin fitimtar\u00eb n\u00eb betej\u00ebn me Specialen. M\u00eb posht\u00eb mund ta gjeni t\u00eb plot\u00eb reagimin e Tha\u00e7it: Lufta e [&hellip;]<\/p>\n","protected":false},"author":2013,"featured_media":69702,"comment_status":"open","ping_status":"closed","sticky":false,"template":"","format":"standard","meta":{"footnotes":""},"categories":[241,2],"tags":[],"class_list":{"0":"post-97522","1":"post","2":"type-post","3":"status-publish","4":"format-standard","5":"has-post-thumbnail","7":"category-aktualitet","8":"category-rajoni"},"_links":{"self":[{"href":"https:\/\/zjarr.tv\/en\/wp-json\/wp\/v2\/posts\/97522","targetHints":{"allow":["GET"]}}],"collection":[{"href":"https:\/\/zjarr.tv\/en\/wp-json\/wp\/v2\/posts"}],"about":[{"href":"https:\/\/zjarr.tv\/en\/wp-json\/wp\/v2\/types\/post"}],"author":[{"embeddable":true,"href":"https:\/\/zjarr.tv\/en\/wp-json\/wp\/v2\/users\/2013"}],"replies":[{"embeddable":true,"href":"https:\/\/zjarr.tv\/en\/wp-json\/wp\/v2\/comments?post=97522"}],"version-history":[{"count":0,"href":"https:\/\/zjarr.tv\/en\/wp-json\/wp\/v2\/posts\/97522\/revisions"}],"wp:featuredmedia":[{"embeddable":true,"href":"https:\/\/zjarr.tv\/en\/wp-json\/wp\/v2\/media\/69702"}],"wp:attachment":[{"href":"https:\/\/zjarr.tv\/en\/wp-json\/wp\/v2\/media?parent=97522"}],"wp:term":[{"taxonomy":"category","embeddable":true,"href":"https:\/\/zjarr.tv\/en\/wp-json\/wp\/v2\/categories?post=97522"},{"taxonomy":"post_tag","embeddable":true,"href":"https:\/\/zjarr.tv\/en\/wp-json\/wp\/v2\/tags?post=97522"}],"curies":[{"name":"wp","href":"https:\/\/api.w.org\/{rel}","templated":true}]}}