{"id":97524,"date":"2019-07-20T18:50:20","date_gmt":"2019-07-20T16:50:20","guid":{"rendered":"https:\/\/zjarr.tv\/?p=97524"},"modified":"2019-07-20T16:56:06","modified_gmt":"2019-07-20T14:56:06","slug":"lista-serbe-e-quan-loje-politike-doreheqjen-e-haradinajt","status":"publish","type":"post","link":"https:\/\/zjarr.tv\/en\/lista-serbe-e-quan-loje-politike-doreheqjen-e-haradinajt\/","title":{"rendered":"Lista Serbe e quan loj\u00eb politike dor\u00ebheqjen e Haradinajt"},"content":{"rendered":"<p>Nga Lista Serbe thon\u00eb se l\u00ebvizjet e fundit politike n\u00eb Kosov\u00eb jan\u00eb nj\u00eb loj\u00eb n\u00eb k\u00ebrkim t\u00eb poen\u00ebve politik\u00eb.<\/p>\n<p>\u201c\u00cbsht\u00eb e qart\u00eb q\u00eb l\u00ebvizjet e fundit politike n\u00eb Prishtin\u00eb jan\u00eb t\u00eb orkestruara p\u00ebr t\u00eb bashkuar faktorin politik shqiptar\u00eb nga t\u00eb gjitha partit\u00eb, q\u00eb n\u00ebnkupton presion m\u00eb t\u00eb madh p\u00ebr serb\u00ebt q\u00eb jetojn\u00eb n\u00eb Kosov\u00eb dhe p\u00ebr p\u00ebrfaq\u00ebsuesit e tyre\u201d, thuhet n\u00eb reagimin e tyre.<\/p>\n<p>Ata thon\u00eb se jan\u00eb n\u00eb dijeni se pas dor\u00ebheqjes s\u00eb Haradinajt, do t\u00eb ket\u00eb nj\u00eb presion n\u00eb rritje p\u00ebr serb\u00ebt, duke potencuar se jan\u00eb t\u00eb gatsh\u00ebm edhe p\u00ebr sfida m\u00eb t\u00eb v\u00ebshtira.<\/p>\n<p>\u201cLista Serbe\u201d thot\u00eb se e kan\u00eb kuptuar loj\u00ebn e Prishtin\u00ebs dhe nd\u00ebrkomb\u00ebtar\u00ebve, q\u00eb sipas tyre \u201cnuk do t\u00eb ket\u00eb sukses p\u00ebr t\u2019i ndar\u00eb\u201d.<\/p>\n<p>\u201cNe iu themi atyre n\u00eb Prishtin\u00eb dhe komunitetit nd\u00ebrkomb\u00ebtare q\u00eb e kemi kuptuar mir\u00eb loj\u00ebn dhe manipulimin e tyre, por nuk do t\u00eb ken\u00eb sukses p\u00ebr t\u00eb na ndar\u00eb, sepse ne jemi n\u00eb vet\u00ebdijsh\u00ebm p\u00ebr unitetin dhe mb\u00ebshtetjen e popullit nga Serbia dhe nga presidentit Vu\u00e7iq\u201d, thuhet n\u00eb komunikat\u00ebn e k\u00ebsaj partie.<\/p>\n<p>N\u00eb fund ata kan\u00eb k\u00ebrkuar mb\u00ebshtetje nga Serbia.<\/p>\n<p>\u201cLista Serbe do t\u00eb vazhdoj\u00eb t\u00eb bashk\u00ebpunoj\u00eb padyshim me presidentin e Serbis\u00eb, p\u00ebr t\u00eb mbrojtur interesat e popullit serb, dhe mbi t\u00eb gjitha t\u00eb drejt\u00ebn p\u00ebr paqe. Fjal\u00ebt e sotme t\u00eb presidentit serb na kan\u00eb dh\u00ebn\u00eb besim se t\u00eb gjith\u00eb s\u00eb bashku do t\u00eb jemi m\u00eb t\u00eb sigurt dhe me t\u00eb ardhme m\u00eb t\u00eb mir\u00eb p\u00ebr t\u00eb gjith\u00eb serb\u00ebt q\u00eb jetojn\u00eb n\u00eb Kosov\u00eb\u201d, p\u00ebrfundon reagimi.<\/p>\n<p>Lista Serbe ishte treguar e gatshme q\u00eb t\u2019i jepte votat p\u00ebr mocionin e LDK\u2019s\u00eb dhe VV-s\u00eb p\u00ebr ta rr\u00ebzuar Haradinajn nga pushteti.<\/p>\n<p>Aleksander Vu\u00e7iq n\u00eb nj\u00eb konferenc\u00eb p\u00ebr media ku ka folur p\u00ebr dor\u00ebheqjen\u00a0 Ramush Haradinajt, nd\u00ebr t\u00eb tjera ka th\u00ebn\u00eb se populli serb n\u00eb Kosov\u00eb mund t\u00eb llogaris\u00eb n\u00eb mb\u00ebshtetjen e plot\u00eb t\u00eb Serbis\u00eb.<\/p>\n<p>&nbsp;<\/p>","protected":false},"excerpt":{"rendered":"<p>Nga Lista Serbe thon\u00eb se l\u00ebvizjet e fundit politike n\u00eb Kosov\u00eb jan\u00eb nj\u00eb loj\u00eb n\u00eb k\u00ebrkim t\u00eb poen\u00ebve politik\u00eb. \u201c\u00cbsht\u00eb e qart\u00eb q\u00eb l\u00ebvizjet e fundit politike n\u00eb Prishtin\u00eb jan\u00eb t\u00eb orkestruara p\u00ebr t\u00eb bashkuar faktorin politik shqiptar\u00eb nga t\u00eb gjitha partit\u00eb, q\u00eb n\u00ebnkupton presion m\u00eb t\u00eb madh p\u00ebr serb\u00ebt q\u00eb jetojn\u00eb n\u00eb Kosov\u00eb dhe [&hellip;]<\/p>\n","protected":false},"author":2013,"featured_media":57243,"comment_status":"open","ping_status":"closed","sticky":false,"template":"","format":"standard","meta":{"footnotes":""},"categories":[241,2],"tags":[],"class_list":{"0":"post-97524","1":"post","2":"type-post","3":"status-publish","4":"format-standard","5":"has-post-thumbnail","7":"category-aktualitet","8":"category-rajoni"},"_links":{"self":[{"href":"https:\/\/zjarr.tv\/en\/wp-json\/wp\/v2\/posts\/97524","targetHints":{"allow":["GET"]}}],"collection":[{"href":"https:\/\/zjarr.tv\/en\/wp-json\/wp\/v2\/posts"}],"about":[{"href":"https:\/\/zjarr.tv\/en\/wp-json\/wp\/v2\/types\/post"}],"author":[{"embeddable":true,"href":"https:\/\/zjarr.tv\/en\/wp-json\/wp\/v2\/users\/2013"}],"replies":[{"embeddable":true,"href":"https:\/\/zjarr.tv\/en\/wp-json\/wp\/v2\/comments?post=97524"}],"version-history":[{"count":0,"href":"https:\/\/zjarr.tv\/en\/wp-json\/wp\/v2\/posts\/97524\/revisions"}],"wp:featuredmedia":[{"embeddable":true,"href":"https:\/\/zjarr.tv\/en\/wp-json\/wp\/v2\/media\/57243"}],"wp:attachment":[{"href":"https:\/\/zjarr.tv\/en\/wp-json\/wp\/v2\/media?parent=97524"}],"wp:term":[{"taxonomy":"category","embeddable":true,"href":"https:\/\/zjarr.tv\/en\/wp-json\/wp\/v2\/categories?post=97524"},{"taxonomy":"post_tag","embeddable":true,"href":"https:\/\/zjarr.tv\/en\/wp-json\/wp\/v2\/tags?post=97524"}],"curies":[{"name":"wp","href":"https:\/\/api.w.org\/{rel}","templated":true}]}}