{"id":97528,"date":"2019-07-20T19:10:30","date_gmt":"2019-07-20T17:10:30","guid":{"rendered":"https:\/\/zjarr.tv\/?p=97528"},"modified":"2019-07-20T16:59:05","modified_gmt":"2019-07-20T14:59:05","slug":"veseli-reagon-pas-ftesave-te-speciales-do-te-dalim-me-te-forte-nga-kjo-sfide","status":"publish","type":"post","link":"https:\/\/zjarr.tv\/en\/veseli-reagon-pas-ftesave-te-speciales-do-te-dalim-me-te-forte-nga-kjo-sfide\/","title":{"rendered":"Veseli reagon pas ftesave t\u00eb Speciales: Do t\u00eb dalim m\u00eb t\u00eb fort\u00eb nga kjo sfid\u00eb"},"content":{"rendered":"<p>Kryeparlamentari Kadri Veseli ka reaguar pas ftesave t\u00eb fundit nga Gjykata Speciale, p\u00ebr kryeministrin e Kosov\u00ebs Ramush Haradinaj, Jakup Krasniqin, Bislim Zyrapin e Sokol Bashoten.<\/p>\n<p>Veseli \u00ebsht\u00eb shprehur se lufta e popullit shqiptar p\u00ebr liri \u00ebsht\u00eb nd\u00ebr kapitujt m\u00eb t\u00eb ndritur t\u00eb historis\u00eb bashk\u00ebkohore dhe askush nuk mund ta njollos<\/p>\n<p>Ai \u00ebsht\u00eb shprehur se kjo \u00ebsht\u00eb goditje p\u00ebr bashk\u00ebluft\u00ebtar\u00ebt e tij, p\u00ebr U\u00c7K-n\u00eb dhe luft\u00ebn e Kosov\u00ebs, duke u shprehur i sigurt se kjo sfid\u00eb do t\u00eb kap\u00ebrcehet.<\/p>\n<p>Ky \u00ebsht\u00eb postimi i tij i plot\u00eb:<\/p>\n<p>Lufta e popullit shqiptar p\u00ebr t\u00eb jetuar i lir\u00eb dhe i pavarur me dinjitet e krenari komb\u00ebtare n\u00eb trojet e veta shekullore t\u00eb Kosov\u00ebs, \u00ebsht\u00eb nj\u00eb nd\u00ebr kapitujt m\u00eb t\u00eb ndritur t\u00eb historis\u00eb son\u00eb bashkohore dhe askush nuk do mund ta njollosi dot. Me keqardhje pranova sot lajmin e thirrjes nga gjykata speciale t\u00eb ish-Z\u00ebdh\u00ebn\u00ebsit t\u00eb Ushtris\u00eb \u00c7lirimtare t\u00eb Kosov\u00ebs, z. Jakup Krasniqi menj\u00ebher\u00eb pasi jan\u00eb thirrur tashm\u00eb ish- shefi i Shtabit t\u00eb U\u00c7K-s\u00eb, Bislim Zyrapi, ish- komandanti i Zon\u00ebs Operative t\u00eb Dukagjinit, Ramush Haradinaj dhe ish- an\u00ebtari i Shtabit t\u00eb U\u00c7K-s\u00eb, Sokol Bashota. Kjo \u00ebsht\u00eb nj\u00eb goditje p\u00ebr bashk\u00ebluft\u00ebtar\u00ebt e mi, p\u00ebr U\u00c7K-n\u00eb dhe luft\u00ebn ton\u00eb, por un\u00eb jam i sigurt\u00eb q\u00eb do e kap\u00ebrcejm\u00eb me kurajo dhe nder k\u00ebt\u00eb sfid\u00eb s\u00eb bashku dhe do dalim prej saj m\u00eb t\u00eb fort\u00eb se m\u00eb par\u00eb. Un\u00eb jam i bindur se ata do t\u00eb kthehen p\u00ebrs\u00ebri t\u00eb pafajsh\u00ebm e kryelart\u00eb sepse e drejta ka qen\u00eb dhe mbetet n\u00eb an\u00ebn ton\u00eb dhe ne kemi qen\u00eb n\u00eb an\u00ebn e duhur t\u00eb historis\u00eb.<\/p>\n<p>&nbsp;<\/p>","protected":false},"excerpt":{"rendered":"<p>Kryeparlamentari Kadri Veseli ka reaguar pas ftesave t\u00eb fundit nga Gjykata Speciale, p\u00ebr kryeministrin e Kosov\u00ebs Ramush Haradinaj, Jakup Krasniqin, Bislim Zyrapin e Sokol Bashoten. Veseli \u00ebsht\u00eb shprehur se lufta e popullit shqiptar p\u00ebr liri \u00ebsht\u00eb nd\u00ebr kapitujt m\u00eb t\u00eb ndritur t\u00eb historis\u00eb bashk\u00ebkohore dhe askush nuk mund ta njollos Ai \u00ebsht\u00eb shprehur se kjo [&hellip;]<\/p>\n","protected":false},"author":2013,"featured_media":68784,"comment_status":"open","ping_status":"closed","sticky":false,"template":"","format":"standard","meta":{"footnotes":""},"categories":[241,2],"tags":[],"class_list":{"0":"post-97528","1":"post","2":"type-post","3":"status-publish","4":"format-standard","5":"has-post-thumbnail","7":"category-aktualitet","8":"category-rajoni"},"_links":{"self":[{"href":"https:\/\/zjarr.tv\/en\/wp-json\/wp\/v2\/posts\/97528","targetHints":{"allow":["GET"]}}],"collection":[{"href":"https:\/\/zjarr.tv\/en\/wp-json\/wp\/v2\/posts"}],"about":[{"href":"https:\/\/zjarr.tv\/en\/wp-json\/wp\/v2\/types\/post"}],"author":[{"embeddable":true,"href":"https:\/\/zjarr.tv\/en\/wp-json\/wp\/v2\/users\/2013"}],"replies":[{"embeddable":true,"href":"https:\/\/zjarr.tv\/en\/wp-json\/wp\/v2\/comments?post=97528"}],"version-history":[{"count":0,"href":"https:\/\/zjarr.tv\/en\/wp-json\/wp\/v2\/posts\/97528\/revisions"}],"wp:featuredmedia":[{"embeddable":true,"href":"https:\/\/zjarr.tv\/en\/wp-json\/wp\/v2\/media\/68784"}],"wp:attachment":[{"href":"https:\/\/zjarr.tv\/en\/wp-json\/wp\/v2\/media?parent=97528"}],"wp:term":[{"taxonomy":"category","embeddable":true,"href":"https:\/\/zjarr.tv\/en\/wp-json\/wp\/v2\/categories?post=97528"},{"taxonomy":"post_tag","embeddable":true,"href":"https:\/\/zjarr.tv\/en\/wp-json\/wp\/v2\/tags?post=97528"}],"curies":[{"name":"wp","href":"https:\/\/api.w.org\/{rel}","templated":true}]}}