{"id":97579,"date":"2019-07-20T17:51:47","date_gmt":"2019-07-20T15:51:47","guid":{"rendered":"https:\/\/zjarr.tv\/?p=97579"},"modified":"2019-07-20T17:51:47","modified_gmt":"2019-07-20T15:51:47","slug":"ne-hage-te-shkoje-edvinovici-i-vucicit-ish-deputeti-koha-qe-ne-shqiperi-spiunet-serbe-te-marrin-ata-qe-meritojne","status":"publish","type":"post","link":"https:\/\/zjarr.tv\/en\/ne-hage-te-shkoje-edvinovici-i-vucicit-ish-deputeti-koha-qe-ne-shqiperi-spiunet-serbe-te-marrin-ata-qe-meritojne\/","title":{"rendered":"\u2018N\u00eb Hag\u00eb t\u00eb shkoj\u00eb Edvinovi\u00e7i i Vu\u00e7i\u00e7it\u2019\/ Ish-deputeti: \u2018Koha q\u00eb n\u00eb Shqip\u00ebri spiun\u00ebt serb\u00eb t\u00eb marrin ata q\u00eb meritojn\u00eb\u2019"},"content":{"rendered":"<p>Ish-deputeti demokrat, Klevis Balliu duke komentuar dor\u00ebheqjen e kryeministrit kosovar Ramush Haradinaj dhe paraqitjen e tij n\u00eb Gjykat\u00ebn Speciale t\u00eb Hag\u00ebs, shkruan n\u00eb nj\u00eb sh\u00ebnim n\u00eb profilin e tij n\u00eb fb se kjo \u00ebsht\u00eb nj\u00eb arsye m\u00eb shum\u00eb p\u00ebrse duhet t\u00eb zhdukim me \u00e7do kush Edvinovi\u00e7in dhe Vu\u00e7i\u00e7it.<\/p>\n<p>\u2018D\u00ebrgimi n\u00eb Hag\u00eb i Ramush Haradinajt \u00ebsht\u00eb nj\u00eb arsye m\u00eb shum\u00eb pse duhet t\u00eb zhdukim me \u00e7do kusht Edvinovi\u00e7in e Vu\u00e7i\u00e7it.<\/p>\n<p>\u00cbsht\u00eb Vu\u00e7i\u00e7i i Edvinovi\u00e7it q\u00eb duhet thirrur n\u00eb Hag\u00eb, pasi ai ka qen\u00eb n\u00eb administrat\u00ebn e monstr\u00ebs gjakatare Milloshevi\u00e7.<\/p>\n<p>Ka ardhur koha q\u00eb n\u00eb Shqip\u00ebri spiun\u00ebt dhe sh\u00ebrb\u00ebtor\u00ebt serb\u00eb t\u00eb marrin at\u00eb \u00e7ka meritojn\u00eb.<\/p>\n<p>Duke filluar nga Edvinovi\u00e7 Sorosvi\u00e7.\u2019<\/p>\n<p>&nbsp;<\/p>","protected":false},"excerpt":{"rendered":"<p>Ish-deputeti demokrat, Klevis Balliu duke komentuar dor\u00ebheqjen e kryeministrit kosovar Ramush Haradinaj dhe paraqitjen e tij n\u00eb Gjykat\u00ebn Speciale t\u00eb Hag\u00ebs, shkruan n\u00eb nj\u00eb sh\u00ebnim n\u00eb profilin e tij n\u00eb fb se kjo \u00ebsht\u00eb nj\u00eb arsye m\u00eb shum\u00eb p\u00ebrse duhet t\u00eb zhdukim me \u00e7do kush Edvinovi\u00e7in dhe Vu\u00e7i\u00e7it. \u2018D\u00ebrgimi n\u00eb Hag\u00eb i Ramush Haradinajt \u00ebsht\u00eb [&hellip;]<\/p>\n","protected":false},"author":2013,"featured_media":87433,"comment_status":"open","ping_status":"closed","sticky":false,"template":"","format":"standard","meta":{"footnotes":""},"categories":[241,235],"tags":[],"class_list":{"0":"post-97579","1":"post","2":"type-post","3":"status-publish","4":"format-standard","5":"has-post-thumbnail","7":"category-aktualitet","8":"category-vendi"},"_links":{"self":[{"href":"https:\/\/zjarr.tv\/en\/wp-json\/wp\/v2\/posts\/97579","targetHints":{"allow":["GET"]}}],"collection":[{"href":"https:\/\/zjarr.tv\/en\/wp-json\/wp\/v2\/posts"}],"about":[{"href":"https:\/\/zjarr.tv\/en\/wp-json\/wp\/v2\/types\/post"}],"author":[{"embeddable":true,"href":"https:\/\/zjarr.tv\/en\/wp-json\/wp\/v2\/users\/2013"}],"replies":[{"embeddable":true,"href":"https:\/\/zjarr.tv\/en\/wp-json\/wp\/v2\/comments?post=97579"}],"version-history":[{"count":0,"href":"https:\/\/zjarr.tv\/en\/wp-json\/wp\/v2\/posts\/97579\/revisions"}],"wp:featuredmedia":[{"embeddable":true,"href":"https:\/\/zjarr.tv\/en\/wp-json\/wp\/v2\/media\/87433"}],"wp:attachment":[{"href":"https:\/\/zjarr.tv\/en\/wp-json\/wp\/v2\/media?parent=97579"}],"wp:term":[{"taxonomy":"category","embeddable":true,"href":"https:\/\/zjarr.tv\/en\/wp-json\/wp\/v2\/categories?post=97579"},{"taxonomy":"post_tag","embeddable":true,"href":"https:\/\/zjarr.tv\/en\/wp-json\/wp\/v2\/tags?post=97579"}],"curies":[{"name":"wp","href":"https:\/\/api.w.org\/{rel}","templated":true}]}}