{"id":97584,"date":"2019-07-20T17:54:19","date_gmt":"2019-07-20T15:54:19","guid":{"rendered":"https:\/\/zjarr.tv\/?p=97584"},"modified":"2019-07-20T17:54:19","modified_gmt":"2019-07-20T15:54:19","slug":"u-arratisen-nga-burgu-ne-greqi-perfundon-aventura-e-2-shqiptareve","status":"publish","type":"post","link":"https:\/\/zjarr.tv\/en\/u-arratisen-nga-burgu-ne-greqi-perfundon-aventura-e-2-shqiptareve\/","title":{"rendered":"U arratis\u00ebn nga burgu n\u00eb Greqi, p\u00ebrfundon aventura e 2 shqiptar\u00ebve"},"content":{"rendered":"<p>P\u00ebrfundon aventura e dy t\u00eb arratisurve shqiptar\u00eb nga burgu i Cassandras n\u00eb Halkidhiki. T\u00eb dy t\u00eb burgosurit shqiptar\u00eb u arrestuan nga policia greke.<\/p>\n<p>Dy t\u00eb arratisurit u identifikuan polic\u00ebt m\u00ebngjesin e k\u00ebsaj t\u00eb shtune n\u00eb Efpaliou Fokis n\u00eb nj\u00eb zon\u00eb pyjore t\u00eb fshehur n\u00eb nj\u00eb plantacion me kanabis.<\/p>\n<p>Ata kishin me vete arm\u00eb kallashnikovi dhe granata. Pasi u ndaluan dhe u arrestuan nga policia at\u00ebher\u00eb u zbulua se ata ishin dy personat e arratisur dhe t\u00eb shpallur n\u00eb k\u00ebrkim prej tyre.<\/p>\n<p>Sipas policis\u00eb greke t\u00eb dy t\u00eb arrestuarit nuk u paraqit\u00ebn n\u00eb evidenc\u00ebn e m\u00ebngjesit t\u00eb 16 korrikut dhe menj\u00ebher\u00eb nisi p\u00ebr ta k\u00ebrkimi p\u00ebr t\u2019i gjetur. Sipas mediave greke, t\u00eb dy shqiptar\u00ebt ishin t\u00eb d\u00ebnuar me burgim t\u00eb p\u00ebrjetsh\u00ebm p\u00ebr vrasje.<\/p>\n<p>Emrat e tyre nuk b\u00ebhen t\u00eb ditur por m\u00ebsohet se jan\u00eb nj\u00ebri 31 dhe tjetri 33 vje\u00e7.<\/p>\n<p>&nbsp;<\/p>","protected":false},"excerpt":{"rendered":"<p>P\u00ebrfundon aventura e dy t\u00eb arratisurve shqiptar\u00eb nga burgu i Cassandras n\u00eb Halkidhiki. T\u00eb dy t\u00eb burgosurit shqiptar\u00eb u arrestuan nga policia greke. Dy t\u00eb arratisurit u identifikuan polic\u00ebt m\u00ebngjesin e k\u00ebsaj t\u00eb shtune n\u00eb Efpaliou Fokis n\u00eb nj\u00eb zon\u00eb pyjore t\u00eb fshehur n\u00eb nj\u00eb plantacion me kanabis. Ata kishin me vete arm\u00eb kallashnikovi dhe [&hellip;]<\/p>\n","protected":false},"author":2013,"featured_media":69989,"comment_status":"open","ping_status":"closed","sticky":false,"template":"","format":"standard","meta":{"footnotes":""},"categories":[241,235],"tags":[],"class_list":{"0":"post-97584","1":"post","2":"type-post","3":"status-publish","4":"format-standard","5":"has-post-thumbnail","7":"category-aktualitet","8":"category-vendi"},"_links":{"self":[{"href":"https:\/\/zjarr.tv\/en\/wp-json\/wp\/v2\/posts\/97584","targetHints":{"allow":["GET"]}}],"collection":[{"href":"https:\/\/zjarr.tv\/en\/wp-json\/wp\/v2\/posts"}],"about":[{"href":"https:\/\/zjarr.tv\/en\/wp-json\/wp\/v2\/types\/post"}],"author":[{"embeddable":true,"href":"https:\/\/zjarr.tv\/en\/wp-json\/wp\/v2\/users\/2013"}],"replies":[{"embeddable":true,"href":"https:\/\/zjarr.tv\/en\/wp-json\/wp\/v2\/comments?post=97584"}],"version-history":[{"count":0,"href":"https:\/\/zjarr.tv\/en\/wp-json\/wp\/v2\/posts\/97584\/revisions"}],"wp:featuredmedia":[{"embeddable":true,"href":"https:\/\/zjarr.tv\/en\/wp-json\/wp\/v2\/media\/69989"}],"wp:attachment":[{"href":"https:\/\/zjarr.tv\/en\/wp-json\/wp\/v2\/media?parent=97584"}],"wp:term":[{"taxonomy":"category","embeddable":true,"href":"https:\/\/zjarr.tv\/en\/wp-json\/wp\/v2\/categories?post=97584"},{"taxonomy":"post_tag","embeddable":true,"href":"https:\/\/zjarr.tv\/en\/wp-json\/wp\/v2\/tags?post=97584"}],"curies":[{"name":"wp","href":"https:\/\/api.w.org\/{rel}","templated":true}]}}