{"id":97590,"date":"2019-07-20T22:20:01","date_gmt":"2019-07-20T20:20:01","guid":{"rendered":"https:\/\/zjarr.tv\/?p=97590"},"modified":"2019-07-20T17:58:46","modified_gmt":"2019-07-20T15:58:46","slug":"takimi-ndaj-sheriff-tiraspol-partizani-zyrtarizon-stadiumin-dhe-oren","status":"publish","type":"post","link":"https:\/\/zjarr.tv\/en\/takimi-ndaj-sheriff-tiraspol-partizani-zyrtarizon-stadiumin-dhe-oren\/","title":{"rendered":"Takimi ndaj Sheriff Tiraspol, Partizani zyrtarizon stadiumin dhe or\u00ebn"},"content":{"rendered":"<p>Partizani \u00ebsht\u00eb skuadra e vetme shqiptare q\u00eb garon n\u00eb Kupat e Europ\u00ebs.<\/p>\n<p>Pas eliminimit nga UEFA Champions League, kampion\u00ebt e vendit garojn\u00eb n\u00eb raundin e dyt\u00eb t\u00eb Lig\u00ebs s\u00eb Europ\u00ebs, ku do t\u00eb mas forcat me kampion\u00ebt e Moldavis\u00eb, Sheriff Tiraspol.<\/p>\n<p>Takimi i par\u00eb do t\u00eb luhet t\u00eb enjten e 25 korrikut, teksa t\u00eb kuqt\u00eb kan\u00eb zyrtarizuar edhe stadiumin e or\u00ebn ndaj moldav\u00ebve.<\/p>\n<p>P\u00ebrmes nj\u00eb statusi n\u00eb rrjetet sociale &#8220;Facebook&#8221;, klubi kryeqytetas ka zbuluar se takimi do t\u00eb luhet n\u00eb or\u00ebn 17:30 n\u00eb &#8220;Selman St\u00ebrmasi&#8221;.<\/p>","protected":false},"excerpt":{"rendered":"<p>Partizani \u00ebsht\u00eb skuadra e vetme shqiptare q\u00eb garon n\u00eb Kupat e Europ\u00ebs. Pas eliminimit nga UEFA Champions League, kampion\u00ebt e vendit garojn\u00eb n\u00eb raundin e dyt\u00eb t\u00eb Lig\u00ebs s\u00eb Europ\u00ebs, ku do t\u00eb mas forcat me kampion\u00ebt e Moldavis\u00eb, Sheriff Tiraspol. Takimi i par\u00eb do t\u00eb luhet t\u00eb enjten e 25 korrikut, teksa t\u00eb kuqt\u00eb [&hellip;]<\/p>\n","protected":false},"author":2013,"featured_media":94463,"comment_status":"open","ping_status":"closed","sticky":false,"template":"","format":"standard","meta":{"footnotes":""},"categories":[241,192],"tags":[],"class_list":{"0":"post-97590","1":"post","2":"type-post","3":"status-publish","4":"format-standard","5":"has-post-thumbnail","7":"category-aktualitet","8":"category-sport"},"_links":{"self":[{"href":"https:\/\/zjarr.tv\/en\/wp-json\/wp\/v2\/posts\/97590","targetHints":{"allow":["GET"]}}],"collection":[{"href":"https:\/\/zjarr.tv\/en\/wp-json\/wp\/v2\/posts"}],"about":[{"href":"https:\/\/zjarr.tv\/en\/wp-json\/wp\/v2\/types\/post"}],"author":[{"embeddable":true,"href":"https:\/\/zjarr.tv\/en\/wp-json\/wp\/v2\/users\/2013"}],"replies":[{"embeddable":true,"href":"https:\/\/zjarr.tv\/en\/wp-json\/wp\/v2\/comments?post=97590"}],"version-history":[{"count":0,"href":"https:\/\/zjarr.tv\/en\/wp-json\/wp\/v2\/posts\/97590\/revisions"}],"wp:featuredmedia":[{"embeddable":true,"href":"https:\/\/zjarr.tv\/en\/wp-json\/wp\/v2\/media\/94463"}],"wp:attachment":[{"href":"https:\/\/zjarr.tv\/en\/wp-json\/wp\/v2\/media?parent=97590"}],"wp:term":[{"taxonomy":"category","embeddable":true,"href":"https:\/\/zjarr.tv\/en\/wp-json\/wp\/v2\/categories?post=97590"},{"taxonomy":"post_tag","embeddable":true,"href":"https:\/\/zjarr.tv\/en\/wp-json\/wp\/v2\/tags?post=97590"}],"curies":[{"name":"wp","href":"https:\/\/api.w.org\/{rel}","templated":true}]}}