{"id":97596,"date":"2019-07-20T18:03:03","date_gmt":"2019-07-20T16:03:03","guid":{"rendered":"https:\/\/zjarr.tv\/?p=97596"},"modified":"2019-07-20T18:03:03","modified_gmt":"2019-07-20T16:03:03","slug":"cfare-e-pret-ramush-haradinajn","status":"publish","type":"post","link":"https:\/\/zjarr.tv\/en\/cfare-e-pret-ramush-haradinajn\/","title":{"rendered":"\u00c7far\u00eb e pret Ramush Haradinajn?"},"content":{"rendered":"<p>&nbsp;<\/p>\n<p>Marrja n\u00eb pyetje e personaliteteve t\u00eb ish-Ushtris\u00eb \u00c7lirimtare t\u00eb Kosov\u00ebs n\u00eb Prokurorin\u00eb Speciale t\u00eb Kosov\u00ebs, me seli n\u00eb Hag\u00eb, vazhdon nga janari i k\u00ebtij viti. Nga organizata e veteran\u00ebve t\u00eb luft\u00ebs n\u00eb Kosov\u00eb kan\u00eb th\u00ebn\u00eb m\u00eb her\u00ebt p\u00ebr Radion Evropa e Lir\u00eb se, deri m\u00eb tash, n\u00eb intervista jan\u00eb thirrur 40 vet\u00eb, n\u00eb kapacitete t\u00eb ndryshme.<\/p>\n<p>Para Prokuroris\u00eb s\u00eb Specializuar p\u00ebr Kosov\u00ebn (t\u00eb njohur si Gjykata Speciale p\u00ebr krime lufte n\u00eb Kosov\u00eb) jav\u00ebn e ardhshme pritet t\u00eb paraqitet Ramush Haradinaj. Haradinaj e dha vet\u00eb lajmin m\u00eb 19 korrik n\u00eb mbledhjen e Qeveris\u00eb, kur edhe dha dor\u00ebheqje nga pozita e kryeministrit t\u00eb Kosov\u00ebs. Ai tha se n\u00eb Hag\u00eb duhet t\u00eb shkoj\u00eb si qytetar i thjesht\u00eb e jo si kryeminist\u00ebr shteti.<\/p>\n<p>Haradinaj tha se udh\u00ebheqja e ardhshme e Kosov\u00ebs duhet t\u00eb zgjidhet nga populli dhe se, pas kthimit nga Haga, do t\u00eb angazhohet brenda partis\u00eb s\u00eb tij, Aleanc\u00ebs p\u00ebr Ardhm\u00ebrin\u00eb e Kosov\u00ebs, dhe do t\u00eb p\u00ebrgatitet p\u00ebr zgjedhje t\u00eb reja. Prokuroria e Specializuar n\u00eb Hag\u00eb nuk ka publikuar informata p\u00ebr k\u00ebt\u00eb rast, ashtu si\u00e7 ka vepruar n\u00eb t\u00eb kaluar\u00ebn.<\/p>\n<p><strong>Procedura para Haradinajt<\/strong><\/p>\n<p>Ligji i Kosov\u00ebs p\u00ebr Prokurorin\u00eb e Specializuar i autorizon prokuror\u00ebt p\u00ebr t\u00eb hetuar t\u00eb dyshuarit e mundsh\u00ebm dhe p\u00ebr t\u00eb mbledhur prova.<\/p>\n<p>Gjat\u00eb marrjes n\u00eb pyetje, i dyshuari nuk do t\u00eb detyrohet t\u00eb pranoj\u00eb faj\u00ebsin\u00eb, thuhet n\u00eb ligj. T\u00eb drejtat e t\u00eb dyshuarit, me t\u00eb cilat njoftohet para marrjes n\u00eb pyetje, p\u00ebrfshijn\u00eb t\u00eb drejt\u00ebn p\u00ebr t\u00eb qen\u00eb i informuar se ka arsye p\u00ebr t\u00eb dyshuar se ai ka kryer nj\u00eb vep\u00ebr penale, t\u00eb drejt\u00ebn p\u00ebr t\u2019u mbrojtur n\u00eb heshtje, e cila, megjithat\u00eb, nuk merret parasysh gjat\u00eb p\u00ebrcaktimit t\u00eb fajit apo t\u00eb pafaj\u00ebsis\u00eb. I dyshuari gjithashtu paralajm\u00ebrohet se \u00e7do deklarat\u00eb q\u00eb \u00ebsht\u00eb e shkruar mund t\u00eb p\u00ebrdoret si d\u00ebshmi. I dyshuari ka t\u00eb drejt\u00ebn e ndihm\u00ebs s\u00eb avokatit mbrojt\u00ebs sipas zgjedhjes s\u00eb tij.<\/p>\n<p>Pasi t\u00eb v\u00ebrtetohet se ekziston dyshim i arsyesh\u00ebm se nj\u00eb person \u00ebsht\u00eb p\u00ebrgjegj\u00ebs p\u00ebr nj\u00eb vep\u00ebr penale brenda juridiksionit t\u00eb Dhomave t\u00eb Specializuara, prokurori p\u00ebrgatit aktakuz\u00ebn dhe e dor\u00ebzon at\u00eb me materiale shoq\u00ebruese te Dhomat e Specializuara.<\/p>\n<p><strong>Gjykat\u00eb p\u00ebr dy vjet t\u00eb luft\u00ebs<\/strong><\/p>\n<p>Kjo gjykat\u00eb ka kompetenca mbi veprat penale t\u00eb kryera n\u00eb Kosov\u00eb nga 1 janari i vitit 1998 deri m\u00eb 31 dhjetor, 2000. P\u00ebrndryshe, Ligji, n\u00eb pajtim me Kushtetut\u00ebn e Kosov\u00ebs, parasheh q\u00eb askush t\u00eb mos gjykojet para nj\u00eb gjykate tjet\u00ebr n\u00eb Kosov\u00eb p\u00ebr veprat q\u00eb \u00ebsht\u00eb gjykuar para ndonj\u00eb gjykate, ose para Gjykat\u00ebs Nd\u00ebrkomb\u00ebtare p\u00ebr krime t\u00eb r\u00ebnda.<\/p>\n<p>Gjykata Speciale \u00ebsht\u00eb p\u00ebrgjegj\u00ebse p\u00ebr hetimin e krimeve kund\u00ebr njer\u00ebzimit, krimeve t\u00eb luft\u00ebs dhe krimeve t\u00eb tjera q\u00eb lidhen me pretendimet e nj\u00eb raporti t\u00eb K\u00ebshillit t\u00eb Evrop\u00ebs t\u00eb vitit 2011.<\/p>\n<p>N\u00eb k\u00ebt\u00eb raport thuhet se krimet jan\u00eb kryer nga pjes\u00ebtar\u00ebt e Ushtris\u00eb \u00c7lirimtare t\u00eb Kosov\u00ebs n\u00eb periudh\u00ebn 1998-2000.<\/p>\n<p>Ky institucion, i krijuar pasi Kuvendi i Kosov\u00ebs ka miratuar legjislacionin e nevojsh\u00ebm, \u00ebsht\u00eb b\u00ebr\u00eb plot\u00ebsisht funksional n\u00eb korrik t\u00eb vitit 2017, kur \u00ebsht\u00eb miratuar Rregullorja e Procedur\u00ebs dhe Provave p\u00ebr Zbatimin e Procedur\u00ebs Penale. N\u00eb zyrat prokuroriale punojn\u00eb rreth 150 njer\u00ebz nga vende t\u00eb ndryshme t\u00eb bot\u00ebs. Gjyqtar\u00ebt, 20 sish, vijn\u00eb nga 14 vende.<\/p>\n<p>N\u00eb hetimin e krimeve t\u00eb dyshuara aktualisht punon prokurori Jack Smith. Prokurori i par\u00eb i ekipit t\u00eb hetimeve, Clint Williamson, pas hetimeve n\u00eb vitin 2014, pati th\u00ebn\u00eb se ka prova q\u00eb jan\u00eb t\u00eb mjaftueshme p\u00ebr ngritjen e aktakuzave.<\/p>\n<p>Pas formimit t\u00eb gjykat\u00ebs, hetimin e krimeve t\u00eb dyshuara e ka vazhduar David Schwendiman, po ashtu amerikan, por ai, n\u00eb mars t\u00eb vitit 2018, \u00ebsht\u00eb larguar nga kjo pozit\u00eb, pas p\u00ebrfundimit t\u00eb mandatit n\u00eb sh\u00ebrbimin diplomatik amerikan. N\u00eb vend t\u00eb tij ka ardhur Jack Smith.<\/p>\n<p>P\u00ebr t\u00eb ngritur aktakuz\u00eb, prokurori i specializuar duhet t\u00eb siguroj\u00eb se \u201cekziston nj\u00eb dyshim i bazuar mir\u00eb se i dyshuari ka kryer ose ka marr\u00eb pjes\u00eb n\u00eb kryerjen e nj\u00eb vepre penale brenda juridiksionit t\u00eb Dhomave t\u00eb Specializuara\u201d, n\u00eb pajtim me Rregulloren e procedur\u00ebs.<\/p>\n<p><strong>Veteran\u00ebt e U\u00c7K-s\u00eb n\u00eb protest\u00eb<\/strong><\/p>\n<p>N\u00eb Kosov\u00eb, p\u00ebr shkak t\u00eb pak\u00ebnaq\u00ebsive me formimin e k\u00ebsaj gjykate, veteran\u00ebt e U\u00c7K-s\u00eb kan\u00eb mbajtur edhe protesta, nd\u00ebrsa nj\u00eb peticion me mbi 15 mij\u00eb n\u00ebnshkrime ka nxitur disa deputet\u00eb q\u00eb t\u00eb p\u00ebrpiqen t\u00eb shfuqizjn\u00eb gjykat\u00ebn n\u00eb Kuvendin e Kosov\u00ebs. Por, kjo nism\u00eb, pas reagimit t\u00eb ashp\u00ebr t\u00eb bashk\u00ebsis\u00eb nd\u00ebrkomb\u00ebtare, ka d\u00ebshtuar.<\/p>\n<p>Kjo \u00ebsht\u00eb hera e dyt\u00eb q\u00eb Haradinaj jep dor\u00ebheqje nga pozita e kryeministrit, n\u00eb t\u00eb cil\u00ebn \u00ebsht\u00eb zgjedhur n\u00eb shtator t\u00eb vitit 2017, me mb\u00ebshtetjen e partis\u00eb s\u00eb serb\u00ebve t\u00eb Kosov\u00ebs \u2013 List\u00ebs Serbe. Haradinaj ka dh\u00ebn\u00eb dor\u00ebheqje p\u00ebr t\u00eb nj\u00ebjtat arsye edhe n\u00eb vitin 2005. At\u00ebbot\u00eb, ai i \u00ebsht\u00eb dor\u00ebzuar vullnetarisht Tribunalit t\u00eb Hag\u00ebs, ku \u00ebsht\u00eb akuzuar p\u00ebr krime lufte.<\/p>\n<p>Shtat\u00eb vjet m\u00eb von\u00eb, m\u00eb 2012, ai \u00ebsht\u00eb liruar nga t\u00eb gjitha akuzat. Ky ka qen\u00eb gjykim i p\u00ebrs\u00ebritur, pasi gjykata e nj\u00ebjt\u00eb, m\u00eb 2008, e ka shfaj\u00ebsuar nga akuzat p\u00ebr shkelje t\u00eb ligjeve t\u00eb luft\u00ebs. \/Radio Evropa e Lir\u00eb\/<\/p>\n<p>&nbsp;<\/p>","protected":false},"excerpt":{"rendered":"<p>&nbsp; Marrja n\u00eb pyetje e personaliteteve t\u00eb ish-Ushtris\u00eb \u00c7lirimtare t\u00eb Kosov\u00ebs n\u00eb Prokurorin\u00eb Speciale t\u00eb Kosov\u00ebs, me seli n\u00eb Hag\u00eb, vazhdon nga janari i k\u00ebtij viti. Nga organizata e veteran\u00ebve t\u00eb luft\u00ebs n\u00eb Kosov\u00eb kan\u00eb th\u00ebn\u00eb m\u00eb her\u00ebt p\u00ebr Radion Evropa e Lir\u00eb se, deri m\u00eb tash, n\u00eb intervista jan\u00eb thirrur 40 vet\u00eb, n\u00eb kapacitete [&hellip;]<\/p>\n","protected":false},"author":2013,"featured_media":97597,"comment_status":"open","ping_status":"closed","sticky":false,"template":"","format":"standard","meta":{"footnotes":""},"categories":[241,235],"tags":[],"class_list":{"0":"post-97596","1":"post","2":"type-post","3":"status-publish","4":"format-standard","5":"has-post-thumbnail","7":"category-aktualitet","8":"category-vendi"},"_links":{"self":[{"href":"https:\/\/zjarr.tv\/en\/wp-json\/wp\/v2\/posts\/97596","targetHints":{"allow":["GET"]}}],"collection":[{"href":"https:\/\/zjarr.tv\/en\/wp-json\/wp\/v2\/posts"}],"about":[{"href":"https:\/\/zjarr.tv\/en\/wp-json\/wp\/v2\/types\/post"}],"author":[{"embeddable":true,"href":"https:\/\/zjarr.tv\/en\/wp-json\/wp\/v2\/users\/2013"}],"replies":[{"embeddable":true,"href":"https:\/\/zjarr.tv\/en\/wp-json\/wp\/v2\/comments?post=97596"}],"version-history":[{"count":0,"href":"https:\/\/zjarr.tv\/en\/wp-json\/wp\/v2\/posts\/97596\/revisions"}],"wp:featuredmedia":[{"embeddable":true,"href":"https:\/\/zjarr.tv\/en\/wp-json\/wp\/v2\/media\/97597"}],"wp:attachment":[{"href":"https:\/\/zjarr.tv\/en\/wp-json\/wp\/v2\/media?parent=97596"}],"wp:term":[{"taxonomy":"category","embeddable":true,"href":"https:\/\/zjarr.tv\/en\/wp-json\/wp\/v2\/categories?post=97596"},{"taxonomy":"post_tag","embeddable":true,"href":"https:\/\/zjarr.tv\/en\/wp-json\/wp\/v2\/tags?post=97596"}],"curies":[{"name":"wp","href":"https:\/\/api.w.org\/{rel}","templated":true}]}}