{"id":97603,"date":"2019-07-20T18:12:03","date_gmt":"2019-07-20T16:12:03","guid":{"rendered":"https:\/\/zjarr.tv\/?p=97603"},"modified":"2019-07-20T18:12:03","modified_gmt":"2019-07-20T16:12:03","slug":"kreshnik-spahiu-edhe-une-do-jem-ate-dite-ne-hage-per-ramushin-por-jo-per-kryeministrin-e-kosoves","status":"publish","type":"post","link":"https:\/\/zjarr.tv\/en\/kreshnik-spahiu-edhe-une-do-jem-ate-dite-ne-hage-per-ramushin-por-jo-per-kryeministrin-e-kosoves\/","title":{"rendered":"Kreshnik Spahiu: Edhe un\u00eb do jem at\u00eb dit\u00eb n\u00eb Hag\u00eb p\u00ebr Ramushin, por jo p\u00ebr kryeministrin e Kosov\u00ebs!"},"content":{"rendered":"<p>Nga Kreshnik Spahiu*\u00a0#shp\u00ebrndaje<br \/>\nUn\u00eb kam vendosur t\u00eb udh\u00ebtoj drejt Gjykat\u00ebs s\u00eb Hag\u00ebs, p\u00ebr ta mb\u00ebshtetur p\u00ebr her\u00eb t\u00eb tret\u00eb Ramush Haradinajn. Dhjetra miq nga diaspora do m\u00eb shoq\u00ebrojn\u00eb n\u00eb k\u00ebt\u00eb rrug\u00ebtim.<br \/>\nKam qen\u00eb i vetmi politikan nga Tirana q\u00eb kam udh\u00ebtuar dy her\u00ebt e para kur \u00ebsht\u00eb arrestuar nga gjykatat speciale, por jam dhe i vetmi politikan q\u00eb nuk e takoja Ramush Hardinajn kur ai merrte karrigen e kryeministrit.<br \/>\nS\u00ebrish do jem atje n\u00eb dyert e gjykat\u00ebs s\u00eb Hag\u00ebs, por jo m\u00eb pas n\u00eb dyert e Kryeministris\u00eb s\u00eb Prishtin\u00ebs n\u00ebse ai ri-kthehet n\u00eb detyr\u00eb.<br \/>\nRamushi \u00ebsht\u00eb historia e lavdishme e krijimit t\u00eb shtetit t\u00eb dyt\u00eb shqiptar dhe p\u00ebr at\u00eb duhet mitizuar n\u00eb piedestal por jo p\u00ebr aft\u00ebsit\u00eb apo paaft\u00ebsit\u00eb p\u00ebr t\u00eb qeverisur shtetin e ri.<br \/>\nKosova \u00ebsht\u00eb s\u00ebrish e varf\u00ebr, s\u00ebrish e izuluar, s\u00ebrish e braktisur, s\u00ebrish e korruptuar, s\u00ebrish e mashtruar, s\u00ebrish e paintegruar.<br \/>\nKosova \u00ebsht\u00eb thjesht e pavarur, dhe kjo \u00ebsht\u00eb e vetmja pjes\u00eb q\u00eb ne duhet krenohemi me Ramushin dhe Kosov\u00ebn. Asgj\u00eb m\u00eb shum\u00eb, por n\u00eb k\u00ebt\u00eb moment duhet jemi patriot dhe t\u00eb mb\u00ebshtesim liderin e luft\u00ebs \u00e7lirimtare t\u00eb Shqip\u00ebris\u00eb Veriut dhe jo kryeministrin e Kosov\u00ebs. Ka koh\u00eb m\u00eb von\u00eb p\u00ebr kritika.<br \/>\nRamush Haradinaj nuk \u00ebsht\u00eb vet\u00ebm&#8230;<br \/>\nEjani dhe bashkohuni kauz\u00ebs rreth mikut ton\u00eb kuqezi, rreth shqiptarit t\u00eb madh, rreth Gjergj Kastriotit t\u00eb ri.<br \/>\nUn\u00eb do i bashkohem n\u00eb Hag\u00eb, Ramushit dhe v\u00ebllez\u00ebrve t\u00eb tij trima. Miku duhet n\u00eb dit\u00eb t\u00eb v\u00ebshtira dhe jo kur i ka hipur kalit.<br \/>\nShqip\u00ebrin\u00eb e dua se jam shqip\u00ebtar. Kosov\u00ebn pak m\u00eb shum\u00eb se jam kosovar!\u00a0\u2764\ufe0f\ud83d\udda4<\/p>\n<p>(Fotot-Arkiv\u00eb \/ N\u00eb dy arrestimet e para n\u00eb Gjykat\u00eb)<\/p>\n<p>#shp\u00ebrndaje<\/p>\n<p>&nbsp;<\/p>","protected":false},"excerpt":{"rendered":"<p>Nga Kreshnik Spahiu*\u00a0#shp\u00ebrndaje Un\u00eb kam vendosur t\u00eb udh\u00ebtoj drejt Gjykat\u00ebs s\u00eb Hag\u00ebs, p\u00ebr ta mb\u00ebshtetur p\u00ebr her\u00eb t\u00eb tret\u00eb Ramush Haradinajn. Dhjetra miq nga diaspora do m\u00eb shoq\u00ebrojn\u00eb n\u00eb k\u00ebt\u00eb rrug\u00ebtim. Kam qen\u00eb i vetmi politikan nga Tirana q\u00eb kam udh\u00ebtuar dy her\u00ebt e para kur \u00ebsht\u00eb arrestuar nga gjykatat speciale, por jam dhe i [&hellip;]<\/p>\n","protected":false},"author":2013,"featured_media":97604,"comment_status":"open","ping_status":"closed","sticky":false,"template":"","format":"standard","meta":{"footnotes":""},"categories":[241,235],"tags":[],"class_list":{"0":"post-97603","1":"post","2":"type-post","3":"status-publish","4":"format-standard","5":"has-post-thumbnail","7":"category-aktualitet","8":"category-vendi"},"_links":{"self":[{"href":"https:\/\/zjarr.tv\/en\/wp-json\/wp\/v2\/posts\/97603","targetHints":{"allow":["GET"]}}],"collection":[{"href":"https:\/\/zjarr.tv\/en\/wp-json\/wp\/v2\/posts"}],"about":[{"href":"https:\/\/zjarr.tv\/en\/wp-json\/wp\/v2\/types\/post"}],"author":[{"embeddable":true,"href":"https:\/\/zjarr.tv\/en\/wp-json\/wp\/v2\/users\/2013"}],"replies":[{"embeddable":true,"href":"https:\/\/zjarr.tv\/en\/wp-json\/wp\/v2\/comments?post=97603"}],"version-history":[{"count":0,"href":"https:\/\/zjarr.tv\/en\/wp-json\/wp\/v2\/posts\/97603\/revisions"}],"wp:featuredmedia":[{"embeddable":true,"href":"https:\/\/zjarr.tv\/en\/wp-json\/wp\/v2\/media\/97604"}],"wp:attachment":[{"href":"https:\/\/zjarr.tv\/en\/wp-json\/wp\/v2\/media?parent=97603"}],"wp:term":[{"taxonomy":"category","embeddable":true,"href":"https:\/\/zjarr.tv\/en\/wp-json\/wp\/v2\/categories?post=97603"},{"taxonomy":"post_tag","embeddable":true,"href":"https:\/\/zjarr.tv\/en\/wp-json\/wp\/v2\/tags?post=97603"}],"curies":[{"name":"wp","href":"https:\/\/api.w.org\/{rel}","templated":true}]}}