{"id":97631,"date":"2019-07-21T12:00:32","date_gmt":"2019-07-21T10:00:32","guid":{"rendered":"https:\/\/zjarr.tv\/?p=97631"},"modified":"2019-07-21T12:00:32","modified_gmt":"2019-07-21T10:00:32","slug":"serwer-kosova-te-shmange-cdo-marreveshje-qe-rrezikon-ndarjen-e-saj","status":"publish","type":"post","link":"https:\/\/zjarr.tv\/en\/serwer-kosova-te-shmange-cdo-marreveshje-qe-rrezikon-ndarjen-e-saj\/","title":{"rendered":"Serwer: Kosova t\u00eb shmang\u00eb \u00e7do marr\u00ebveshje q\u00eb rrezikon ndarjen e saj"},"content":{"rendered":"<p>Eksperti amerikan i \u00e7\u00ebshtjeve t\u00eb Ballkanit, Daniel Serwer, i tha Z\u00ebrit t\u00eb Amerik\u00ebs se dor\u00ebheqja e kryeministrit Ramush Haradinaj ishte veprim i duhur i tij, q\u00eb ka hapur rrug\u00ebn p\u00ebr zgjedhje t\u00eb reja n\u00eb Kosov\u00eb.<\/p>\n<p>N\u00eb nj\u00eb intervist\u00eb me korrespondenten ton\u00eb n\u00eb Prishtin\u00eb, Edlira Bllaca, zoti Serwer tha se zhvillimet pas k\u00ebsaj dor\u00ebheqjeje do t\u00eb shtyjn\u00eb bisedimet me Serbin\u00eb dhe Kosova duhet t\u00eb punoj\u00eb p\u00ebr t\u00eb siguruar nj\u00eb pozit\u00eb m\u00eb t\u00eb mir\u00eb n\u00eb bisedime dhe p\u00ebr t\u00eb shmangur ndonj\u00eb marr\u00ebveshje q\u00eb do t\u00eb rrezikonte shtet\u00ebsin\u00eb e saj.<\/p>\n<p><strong>Z\u00ebri i Amerik\u00ebs: Zoti Serwer, si e shihni ju dor\u00ebheqjen e zotit Haradinaj?<\/strong><\/p>\n<p><strong>Daniel Serwer:<\/strong>\u00a0Kosova ka nj\u00eb sistem parlamentar, k\u00ebto gj\u00ebra ndodhin. Ai ka qen\u00eb edhe dy her\u00eb m\u00eb p\u00ebrpara n\u00eb Hag\u00eb. Ai e ka b\u00ebr\u00eb gj\u00ebn\u00eb e duhur, sipas meje, duke dh\u00ebn\u00eb dor\u00ebheqjen, por \u00ebsht\u00eb ende pak e paqart\u00eb p\u00ebr mua se a po shkon si d\u00ebshmitar apo si i dyshuar. Por, k\u00ebto gj\u00ebra ndodhin n\u00eb sisteme parlamentare dhe Kosova e ka kaluar k\u00ebt\u00eb rrug\u00eb edhe m\u00eb par\u00eb. Kosova duhet t\u00eb mbaj\u00eb zgjedhje t\u00eb reja n\u00eb shtator dhe \u00ebsht\u00eb pjes\u00eb e politik\u00ebs normale. Un\u00eb isha n\u00eb nj\u00eb ngjarje kulturore mbr\u00ebm\u00eb dhe mendoj se Prishtina \u00ebsht\u00eb shum\u00eb e qet\u00eb.<\/p>\n<p><strong>Z\u00ebri i Amerik\u00ebs: A \u00ebsht\u00eb ftesa p\u00ebr n\u00eb Hage e lidhur me q\u00ebndrimet e tij politike, p\u00ebrkat\u00ebsisht bisedimet dhe tarifat?<\/strong><\/p>\n<p><strong>Daniel Serwer:<\/strong>\u00a0Kam menduar p\u00ebr k\u00ebt\u00eb pyetje, por nuk jam i sigurt se cila \u00ebsht\u00eb p\u00ebrgjigja e saj. Por n\u00ebse dikush ka menduar se do t\u2019i mund q\u00ebndrimet politike t\u00eb zotit Haradinaj duke e d\u00ebrguar at\u00eb n\u00eb Hag\u00eb, ka b\u00ebr\u00eb nj\u00eb gabim t\u00eb jasht\u00ebzakonsh\u00ebm sepse n\u00eb dy rastet e kaluara kur ai \u00ebsht\u00eb d\u00ebrguar n\u00eb Hag\u00eb, ka fituar politikisht dhe kjo \u00ebsht\u00eb di\u00e7ka q\u00eb un\u00eb e pres edhe k\u00ebt\u00eb her\u00eb.<\/p>\n<p><strong>Z\u00ebri i Amerik\u00ebs: \u00c7far\u00eb ndikimi mund t\u00eb ken\u00eb k\u00ebto zhvillime n\u00ebse Kosova shkon n\u00eb zgjedhje ne procesin e bisedimeve?<\/strong><\/p>\n<p><strong>Daniel Serwer:<\/strong>\u00a0Bisedimet duhet t\u00eb shtyhen edhe p\u00ebr pak koh\u00eb, nuk ka diskutim n\u00eb k\u00ebt\u00eb \u00e7\u00ebshtje. \u00c7el\u00ebsi p\u00ebr t\u00eb arritur pozit\u00eb t\u00eb mir\u00eb n\u00eb dialog me Serbin\u00eb \u00ebsht\u00eb shkalla e lart\u00eb e unitetit dhe aft\u00ebsia p\u00ebr t\u00eb ikur nga nj\u00eb marr\u00ebveshje e keqe. Kosova nuk ka pasur shkall\u00eb t\u00eb lart\u00eb t\u00eb unitetit dhe nuk ka arritur t\u00eb ik\u00eb nga nj\u00eb marr\u00ebveshje e keqe, prandaj n\u00ebse zgjedhjet dhe nj\u00eb qeveri e re mund ta p\u00ebrmir\u00ebsojn\u00eb situat\u00ebn un\u00eb do t\u00eb isha shum\u00eb i lumtur, por mendoj se kjo situat\u00eb gjithsesi se do t\u00eb nxis\u00eb shtyrje t\u00eb madhe t\u00eb bisedimeve.<\/p>\n<p>&nbsp;<\/p>\n<p><strong>?Z\u00ebri i Amerik\u00ebs: Zoti Serwer, a krijon kjo hendek n\u00eb procesin e bisedimeve realisht?<\/strong><\/p>\n<p><strong>Daniel Serwer:<\/strong>\u00a0Po, p\u00ebrfundimisht paraqet problem por un\u00eb me t\u00eb v\u00ebrtet\u00eb nuk shoh shum\u00eb urgjenc\u00eb sa u takon bisedimeve. E di q\u00eb njer\u00ebzit k\u00ebtu n\u00eb Kosov\u00eb e ndjejn\u00eb k\u00ebt\u00eb urgjenc\u00eb. M\u00eb kujtohet menj\u00ebher\u00eb pas luft\u00ebs njer\u00ebzit n\u00eb Prishtin\u00eb thoshin se nuk duan t\u00eb flasin m\u00eb kurr\u00eb me Serbin\u00eb, nd\u00ebrsa tani m\u00eb thon\u00eb se asgj\u00eb e mir\u00eb nuk mund t\u00eb ndodh\u00eb k\u00ebtu deri sa t\u2019i zgjidhim \u00e7\u00ebshtjet me Beogradin. Un\u00eb as at\u00ebher\u00eb nuk kam menduar se ju kurr\u00eb nuk duhet t\u00eb flisni m\u00eb me Beogradin, nd\u00ebrsa as tash nuk mendoj se gjith\u00e7ka varet nga bisedimet me Serbin\u00eb. Mendoj pra se uniteti dhe ikja nga nj\u00eb marr\u00ebveshje e keqe jan\u00eb \u00e7el\u00ebsi, dhe p\u00ebr k\u00ebt\u00eb do t\u00eb punoja n\u00ebse do t\u00eb merresha me politik\u00eb sot n\u00eb Kosov\u00eb.<\/p>\n<p><strong>Z\u00ebri i Amerik\u00ebs: Jan\u00eb p\u00ebrmendur disa nisma p\u00ebr rip\u00ebrt\u00ebritjen e bisedimeve. A besoni q\u00eb mund t\u00eb ndodh\u00eb di\u00e7ka e till\u00eb?<\/strong><\/p>\n<p><strong>Daniel Serwer:<\/strong>\u00a0Pa dyshim q\u00eb mund t\u00eb ndodh\u00eb, un\u00eb do t\u00eb thosha se Kosova duhet t\u00eb b\u00ebj\u00eb krejt \u00e7ka duhet t\u00eb b\u00ebj\u00eb sa u takon bisedimeve dhe t\u00eb jet\u00eb e k\u00ebnaqur me to. Po ashtu Beogradi duhet t\u00eb jet\u00eb i k\u00ebnaqur. (Aleksand\u00ebr) Vu\u00e7i\u00e7i \u00ebsht\u00eb n\u00eb nj\u00eb pozit\u00eb m\u00eb t\u00eb fort\u00eb sesa ka qen\u00eb ndonj\u00eb her\u00eb Ramushi, sepse shumica parlamentare e Ramushit \u00ebsht\u00eb e kufizuar nd\u00ebrsa e Vu\u00e7i\u00e7it \u00ebsht\u00eb shum\u00eb e madhe, Vu\u00e7i\u00e7i pa dyshim \u00ebsht\u00eb n\u00eb komand\u00eb n\u00eb Beograd, \u00ebsht\u00eb nj\u00eb president i zgjedhur nga vota popullore. Hashim Tha\u00e7i n\u00eb an\u00ebn tjet\u00ebr nuk \u00ebsht\u00eb i zgjedhur nga vota popullore nd\u00ebrsa gjykata Kushtetuese ka vendosur se bisedimet nuk duhet t\u00eb jen\u00eb p\u00ebrgjegj\u00ebsi e tij por e qeveris\u00eb. Pra un\u00eb mendoj se Kosova p\u00ebrballet me disa disavantazhe n\u00eb k\u00ebt\u00eb faz\u00eb t\u00eb bisedimeve dhe duhet t\u2019i rregulloj k\u00ebto gj\u00ebra. M\u00eb shum\u00eb unitet dhe m\u00eb shum\u00eb vendosm\u00ebri p\u00ebr t\u00eb ikur nga nj\u00eb marr\u00ebveshje e keqe, do t\u00eb ishte k\u00ebshilla ime.<\/p>\n<p><strong>Z\u00ebri i Amerik\u00ebs: \u00c7ka n\u00ebnkuptoni me marr\u00ebveshje t\u00eb keqe n\u00eb k\u00ebt\u00eb rast?<\/strong><\/p>\n<p><strong>Daniel Serwer:<\/strong>\u00a0P\u00ebr mua nj\u00eb marr\u00ebveshje e keqe p\u00ebrfshin k\u00ebmbim territoresh, p\u00ebrshin pranimin p\u00ebrmes k\u00ebmbimit t\u00eb territoreve se Kosova nuk mund t\u2019i trajtoj\u00eb t\u00eb gjith\u00eb qytetar\u00ebt e saj n\u00eb m\u00ebnyr\u00eb t\u00eb barabart\u00eb. Kjo \u00ebsht\u00eb marr\u00ebveshje e keqe sepse e diskualifikon nga an\u00ebtar\u00ebsimi n\u00eb Bashkimi Evropian dhe le t\u00eb mos ket\u00eb asnj\u00eb dyshim p\u00ebr k\u00ebt\u00eb, n\u00ebse ka nj\u00eb ndryshim n\u00eb kufij, e posa\u00e7\u00ebrisht ndonj\u00eb q\u00eb p\u00ebrfshin Shqip\u00ebrin\u00eb, do t\u00eb kthej\u00eb prapa t\u00ebr\u00eb Ballkanin, pa e p\u00ebrmendur Ukrain\u00ebn, Moldavin\u00eb e Gjeorgjin\u00eb. Prandaj mendoj se duhet shum\u00eb kujdes n\u00eb bisedime me Serbin\u00eb n\u00eb k\u00ebt\u00eb faz\u00eb. Beogradi d\u00ebshiron Serbi m\u00eb t\u00eb madhe, ka njer\u00ebz n\u00eb Kosov\u00eb q\u00eb d\u00ebshirojn\u00eb Shqip\u00ebri m\u00eb t\u00eb madhe por le t\u00eb jemi t\u00eb qart\u00eb; Shqip\u00ebria m\u00eb e madhe n\u00ebnkupton shkat\u00ebrrimin e shtetit t\u00eb Kosov\u00ebs, nd\u00ebrsa un\u00eb jam mb\u00ebshtet\u00ebs i shtetit t\u00eb Kosov\u00ebs.<\/p>\n<p>&nbsp;<\/p>","protected":false},"excerpt":{"rendered":"<p>Eksperti amerikan i \u00e7\u00ebshtjeve t\u00eb Ballkanit, Daniel Serwer, i tha Z\u00ebrit t\u00eb Amerik\u00ebs se dor\u00ebheqja e kryeministrit Ramush Haradinaj ishte veprim i duhur i tij, q\u00eb ka hapur rrug\u00ebn p\u00ebr zgjedhje t\u00eb reja n\u00eb Kosov\u00eb. N\u00eb nj\u00eb intervist\u00eb me korrespondenten ton\u00eb n\u00eb Prishtin\u00eb, Edlira Bllaca, zoti Serwer tha se zhvillimet pas k\u00ebsaj dor\u00ebheqjeje do t\u00eb [&hellip;]<\/p>\n","protected":false},"author":2013,"featured_media":97632,"comment_status":"open","ping_status":"closed","sticky":false,"template":"","format":"standard","meta":{"footnotes":""},"categories":[241,2],"tags":[],"class_list":{"0":"post-97631","1":"post","2":"type-post","3":"status-publish","4":"format-standard","5":"has-post-thumbnail","7":"category-aktualitet","8":"category-rajoni"},"_links":{"self":[{"href":"https:\/\/zjarr.tv\/en\/wp-json\/wp\/v2\/posts\/97631","targetHints":{"allow":["GET"]}}],"collection":[{"href":"https:\/\/zjarr.tv\/en\/wp-json\/wp\/v2\/posts"}],"about":[{"href":"https:\/\/zjarr.tv\/en\/wp-json\/wp\/v2\/types\/post"}],"author":[{"embeddable":true,"href":"https:\/\/zjarr.tv\/en\/wp-json\/wp\/v2\/users\/2013"}],"replies":[{"embeddable":true,"href":"https:\/\/zjarr.tv\/en\/wp-json\/wp\/v2\/comments?post=97631"}],"version-history":[{"count":0,"href":"https:\/\/zjarr.tv\/en\/wp-json\/wp\/v2\/posts\/97631\/revisions"}],"wp:featuredmedia":[{"embeddable":true,"href":"https:\/\/zjarr.tv\/en\/wp-json\/wp\/v2\/media\/97632"}],"wp:attachment":[{"href":"https:\/\/zjarr.tv\/en\/wp-json\/wp\/v2\/media?parent=97631"}],"wp:term":[{"taxonomy":"category","embeddable":true,"href":"https:\/\/zjarr.tv\/en\/wp-json\/wp\/v2\/categories?post=97631"},{"taxonomy":"post_tag","embeddable":true,"href":"https:\/\/zjarr.tv\/en\/wp-json\/wp\/v2\/tags?post=97631"}],"curies":[{"name":"wp","href":"https:\/\/api.w.org\/{rel}","templated":true}]}}