{"id":97651,"date":"2019-07-21T12:12:21","date_gmt":"2019-07-21T10:12:21","guid":{"rendered":"https:\/\/zjarr.tv\/?p=97651"},"modified":"2019-07-21T12:12:21","modified_gmt":"2019-07-21T10:12:21","slug":"basha-ne-lezhe-rama-eshte-kryeministri-me-hajdut-dhe-me-mashtrues-ne-historine-e-shqiperise","status":"publish","type":"post","link":"https:\/\/zjarr.tv\/en\/basha-ne-lezhe-rama-eshte-kryeministri-me-hajdut-dhe-me-mashtrues-ne-historine-e-shqiperise\/","title":{"rendered":"Basha n\u00eb Lezh\u00eb: Rama \u00ebsht\u00eb kryeministri m\u00eb hajdut, dhe m\u00eb mashtrues n\u00eb historin\u00eb e Shqip\u00ebris\u00eb"},"content":{"rendered":"<p>N\u00eb takimin me demokrat\u00ebt e Lezh\u00ebs, kreu i opozit\u00ebs identifikoi Edi Ram\u00ebn si problemin m\u00eb t\u00eb madh p\u00ebr ekonomin\u00eb, papun\u00ebsin\u00eb dhe shkat\u00ebrrimin e drejt\u00ebsis\u00eb.<\/p>\n<p>Zoti Basha iu referua skandalit t\u00eb Gjykat\u00ebs s\u00eb Durr\u00ebsit, e cila me k\u00ebrkes\u00ebn e dyshes Rama-Dako ndryshoi, n\u00eb m\u00ebnyr\u00eb t\u00eb paprecedent\u00eb, vendimin e saj t\u00eb m\u00ebparsh\u00ebm p\u00ebr pavlefshm\u00ebrin\u00eb e mandatit t\u00eb prodhuar nga 30 Qershori.<\/p>\n<p>\u201cKjo tregon se drejt\u00ebsia \u00ebsht\u00eb t\u00ebr\u00ebsisht e privatizuar nga Edi Rama. 3 vjet pas miratimit t\u00eb reform\u00ebs n\u00eb drejt\u00ebsi, drejt\u00ebsia \u00ebsht\u00eb t\u00ebr\u00ebsisht e kapur nga Rama. Kjo \u00ebsht\u00eb arsyeja pse drejt\u00ebsia nuk funksionon. \u201c- u shpreh Basha.<\/p>\n<p>&#8220;Edi Rama \u00ebsht\u00eb kryeministri m\u00eb hajdut, m\u00eb arrogant, dhe m\u00eb mashtrues m\u00eb historin\u00eb e Shqip\u00ebris\u00eb. Parat\u00eb tuaja, parat\u00eb e shqiptar\u00ebve po i vjedh Edi Rama me familjen dhe miqt\u00eb e tij. Pasurohen t\u00eb pushtetshmit dhe t\u00eb pasurit, varf\u00ebrohen njer\u00ebzit e thjesht\u00eb dhe t\u00eb pambrojtur. N\u00ebse shqiptar\u00ebt nuk kan\u00eb t\u00eb han\u00eb \u00ebsht\u00eb sepse parat\u00eb e tyre i ka vjedhur Edi Rama. Miliarda euro jan\u00eb vjedhur, abuzuar dhe shp\u00ebrdoruar k\u00ebto 6 vjet, t\u00eb gjitha kan\u00eb p\u00ebrfunduar n\u00eb xhepat e Ram\u00ebs dhe jan\u00eb shp\u00ebrdoruar p\u00ebr tekat e Ram\u00ebs n\u00eb lluks dhe fasada.&#8221; theksoi kryedemokrati.<\/p>\n<p>Kusari, papun\u00ebsi dhe vrasje t\u00eb shpres\u00ebs e ka cil\u00ebsuar kreu i opozit\u00ebs koncesionin Milot Balldren.<\/p>\n<p>&#8220;N\u00ebse shqiptar\u00ebt jan\u00eb pa pun\u00eb, \u00ebsht\u00eb sepse ekonomin\u00eb, parat\u00eb dhe mund\u00ebsit\u00eb ekonomike i kan\u00eb marr\u00eb oligark\u00ebt dhe klient\u00ebt e Ram\u00ebs. N\u00ebse shqiptar\u00ebt nuk kan\u00eb shpresa \u00ebsht\u00eb sepse shpresat e tyre i ka vrar\u00eb Rama me oligark\u00ebt hajdut\u00eb, si\u00e7 po b\u00ebn edhe k\u00ebtu n\u00eb Lezh\u00eb me kusarin\u00eb Milot Balldren.&#8221;<\/p>\n<p>&#8220;Edi Rama \u00ebsht\u00eb artist i mashtrimit. &#8211; theksoi Basha n\u00eb takimin me demokrat\u00ebt e Lezh\u00ebs. -&#8220;\u00c7do gj\u00eb q\u00eb ka premtuar, cdo gj\u00eb q\u00eb ka th\u00ebn\u00eb, ka qen\u00eb mashtrim me q\u00ebllim p\u00ebr t\u00eb vjedhur. \u00c7do projekt, program dhe politik\u00eb \u00ebsht\u00eb mashtrim p\u00ebr shqiptar\u00ebt n\u00eb sh\u00ebrbim t\u00eb oligark\u00ebve.&#8221;<\/p>\n<p>Lideri i opozit\u00ebs theksoi r\u00ebnd\u00ebsin\u00eb e avancimit t\u00eb objektivit madhor t\u00eb PD, q\u00eb, p\u00ebrmes zgjedhjeve t\u00eb lira e t\u00eb ndershme, t\u00eb shnd\u00ebrrohet nga shumica morale e vendit n\u00eb shumic\u00eb qeveris\u00ebse.<\/p>\n<p>\u201c30 qershori, n\u00eb k\u00ebt\u00eb pik\u00ebpamje vet\u00ebm ka p\u00ebrforcuar dhe konfirmuar si t\u00eb drejta shqet\u00ebsimet dhe rrug\u00ebdaljet nga kriza q\u00eb kemi parashtruar: nj\u00eb qeveri tranzitore pa Edi Ram\u00ebn, \u00e7uarjen para drejt\u00ebsis\u00eb t\u00eb t\u00eb gjith\u00eb politikan\u00ebve dhe kriminel\u00ebve, t\u00eb faktuar para t\u00eb gjith\u00eb bot\u00ebs si hajdut\u00ebt e zgjedhjeve, dhe zgjedhje t\u00eb parakohshme&#8221; theksoi n\u00eb takimin e Lezh\u00ebs kreu i opozit\u00ebs Lulzim Basha.<\/p>\n<p>&nbsp;<\/p>","protected":false},"excerpt":{"rendered":"<p>N\u00eb takimin me demokrat\u00ebt e Lezh\u00ebs, kreu i opozit\u00ebs identifikoi Edi Ram\u00ebn si problemin m\u00eb t\u00eb madh p\u00ebr ekonomin\u00eb, papun\u00ebsin\u00eb dhe shkat\u00ebrrimin e drejt\u00ebsis\u00eb. Zoti Basha iu referua skandalit t\u00eb Gjykat\u00ebs s\u00eb Durr\u00ebsit, e cila me k\u00ebrkes\u00ebn e dyshes Rama-Dako ndryshoi, n\u00eb m\u00ebnyr\u00eb t\u00eb paprecedent\u00eb, vendimin e saj t\u00eb m\u00ebparsh\u00ebm p\u00ebr pavlefshm\u00ebrin\u00eb e mandatit t\u00eb [&hellip;]<\/p>\n","protected":false},"author":2013,"featured_media":97652,"comment_status":"open","ping_status":"closed","sticky":false,"template":"","format":"standard","meta":{"footnotes":""},"categories":[241,235],"tags":[],"class_list":{"0":"post-97651","1":"post","2":"type-post","3":"status-publish","4":"format-standard","5":"has-post-thumbnail","7":"category-aktualitet","8":"category-vendi"},"_links":{"self":[{"href":"https:\/\/zjarr.tv\/en\/wp-json\/wp\/v2\/posts\/97651","targetHints":{"allow":["GET"]}}],"collection":[{"href":"https:\/\/zjarr.tv\/en\/wp-json\/wp\/v2\/posts"}],"about":[{"href":"https:\/\/zjarr.tv\/en\/wp-json\/wp\/v2\/types\/post"}],"author":[{"embeddable":true,"href":"https:\/\/zjarr.tv\/en\/wp-json\/wp\/v2\/users\/2013"}],"replies":[{"embeddable":true,"href":"https:\/\/zjarr.tv\/en\/wp-json\/wp\/v2\/comments?post=97651"}],"version-history":[{"count":0,"href":"https:\/\/zjarr.tv\/en\/wp-json\/wp\/v2\/posts\/97651\/revisions"}],"wp:featuredmedia":[{"embeddable":true,"href":"https:\/\/zjarr.tv\/en\/wp-json\/wp\/v2\/media\/97652"}],"wp:attachment":[{"href":"https:\/\/zjarr.tv\/en\/wp-json\/wp\/v2\/media?parent=97651"}],"wp:term":[{"taxonomy":"category","embeddable":true,"href":"https:\/\/zjarr.tv\/en\/wp-json\/wp\/v2\/categories?post=97651"},{"taxonomy":"post_tag","embeddable":true,"href":"https:\/\/zjarr.tv\/en\/wp-json\/wp\/v2\/tags?post=97651"}],"curies":[{"name":"wp","href":"https:\/\/api.w.org\/{rel}","templated":true}]}}