{"id":97663,"date":"2019-07-21T12:17:45","date_gmt":"2019-07-21T10:17:45","guid":{"rendered":"https:\/\/zjarr.tv\/?p=97663"},"modified":"2019-07-21T12:17:45","modified_gmt":"2019-07-21T10:17:45","slug":"rudina-hajdari-vendi-ka-nevoje-per-nje-fryme-te-re-politike","status":"publish","type":"post","link":"https:\/\/zjarr.tv\/en\/rudina-hajdari-vendi-ka-nevoje-per-nje-fryme-te-re-politike\/","title":{"rendered":"Rudina Hajdari: Vendi ka nevoj\u00eb p\u00ebr nj\u00eb frym\u00eb t\u00eb re politike"},"content":{"rendered":"<p>Deputetja e Partis\u00eb Demokratike, Rudina Hajdari, n\u00eb nj\u00eb intervist\u00eb\u00a0 p\u00ebr Z\u00ebrin e Amerik\u00ebs, tha se ajo vazhdon t\u00eb q\u00ebndroj\u00eb n\u00eb Parlament pasi nuk mund t\u00eb shkoj\u00eb kund\u00ebr rrym\u00ebs per\u00ebndimore. Ajo tha se vendi ka nevoj\u00eb p\u00ebr nj\u00eb frym\u00eb t\u00eb re politike dhe se ka shum\u00eb t\u00eb rinj t\u00eb edukuar brenda dhe jasht\u00eb q\u00eb nuk ndihen t\u00eb p\u00ebrfaq\u00ebsuar nga partit\u00eb e tanishme politike.<\/p>\n<p>\u201cShum\u00eb shpejt duhet ta fusim vendin n\u00eb shina p\u00ebr t\u00eb hapur negociatat dhe p\u00ebr t\u00eb ngritur institucionet e reja t\u00eb drejt\u00ebsis\u00eb. Duhet t\u00eb fillojm\u00eb edhe me reform\u00ebn zgjedhore q\u00eb do t\u00eb zgjidhte kriz\u00ebn politike.<\/p>\n<p>Un\u00eb zgjodha t\u00eb q\u00ebndroj n\u00eb parlament, pasi vendimi i PD-s\u00eb p\u00ebr t\u00eb djegur mandatet ishte antishqiptar, pasi bllokonte reform\u00ebn n\u00eb drejt\u00ebsi. Kjo solli nj\u00eb shkat\u00ebrrim n\u00eb imazhin e Shqip\u00ebris\u00eb. Qeveria ndodhet n\u00eb nj\u00eb situat\u00eb jasht\u00eb horizontit demokratik. Kjo qeveri po vijon q\u00eb t\u00eb bjer\u00eb, opozita b\u00ebri vet\u00ebm nj\u00eb gabim, q\u00eb doli jasht\u00eb institucioneve. Un\u00eb nuk kam asgj\u00eb me opozit\u00ebn, por nuk mund t\u00eb shkoj kund\u00ebr rrym\u00ebs per\u00ebndimore\u201d, tha ajo.<\/p>\n<p>E pyetur n\u00ebse do t\u00eb krijoj\u00eb nj\u00eb parti t\u00eb re, Hajdari u shpreh se ndodhet n\u00eb nj\u00eb situat\u00eb t\u00eb v\u00ebshtir\u00eb dhe se Shqip\u00ebria ka nevoj\u00eb p\u00ebr nj\u00eb frym\u00eb t\u00eb re politike.<\/p>\n<p>\u201cP\u00ebr t\u00eb ardhmen time do t\u00eb vendosin shqiptar\u00ebt, ata e kan\u00eb n\u00eb dor\u00eb, por e r\u00ebnd\u00ebsishme \u00ebsht\u00eb q\u00eb t\u00eb marr vendimet e duhura. Gjithsesi, ndodhem n\u00eb nj\u00eb situat\u00eb t\u00eb v\u00ebshtir\u00eb, Shqip\u00ebria ka nevoj\u00eb p\u00ebr nj\u00eb frym\u00eb t\u00eb re politike\u201d, u shpreh Hajdari.<\/p>\n<p>Sa i p\u00ebrket mb\u00ebshtetjes s\u00eb opozit\u00ebs s\u00eb re n\u00eb parlament ndaj shumic\u00ebs, p\u00ebr shkarkimin e Presidentit t\u00eb Republik\u00ebs, Hajdari tha se zoti Meta zgjodhi nj\u00eb rrug\u00eb jolegjitime p\u00ebr \u2018i dh\u00ebn\u00eb zgjidhje kriz\u00ebs.<\/p>\n<p>\u201cZoti Meta zgjodhi nj\u00eb rrug\u00eb jolegjitime p\u00ebr t\u2019i dh\u00ebn\u00eb zgjidhje kriz\u00ebs. Nuk zbatoi parimet kushtetuese. Ai ka shkelur disa pika t\u00eb Kushtetut\u00ebs s\u00eb Shqip\u00ebris\u00eb. Ka premtuar nj\u00eb zgjidhje q\u00eb nuk zbatohet dot, nuk gjen rrug\u00eb institucionale. Por do kemi nj\u00eb gjykat\u00eb kushtetuese q\u00eb do e gjykoj\u00eb vendimin e Presidentit. Data e re nuk solli nj\u00eb zgjidhje konkrete\u201d, u shpreh ajo. \/Voa<\/p>","protected":false},"excerpt":{"rendered":"<p>Deputetja e Partis\u00eb Demokratike, Rudina Hajdari, n\u00eb nj\u00eb intervist\u00eb\u00a0 p\u00ebr Z\u00ebrin e Amerik\u00ebs, tha se ajo vazhdon t\u00eb q\u00ebndroj\u00eb n\u00eb Parlament pasi nuk mund t\u00eb shkoj\u00eb kund\u00ebr rrym\u00ebs per\u00ebndimore. Ajo tha se vendi ka nevoj\u00eb p\u00ebr nj\u00eb frym\u00eb t\u00eb re politike dhe se ka shum\u00eb t\u00eb rinj t\u00eb edukuar brenda dhe jasht\u00eb q\u00eb nuk ndihen [&hellip;]<\/p>\n","protected":false},"author":2013,"featured_media":94371,"comment_status":"open","ping_status":"closed","sticky":false,"template":"","format":"standard","meta":{"footnotes":""},"categories":[241,235],"tags":[],"class_list":{"0":"post-97663","1":"post","2":"type-post","3":"status-publish","4":"format-standard","5":"has-post-thumbnail","7":"category-aktualitet","8":"category-vendi"},"_links":{"self":[{"href":"https:\/\/zjarr.tv\/en\/wp-json\/wp\/v2\/posts\/97663","targetHints":{"allow":["GET"]}}],"collection":[{"href":"https:\/\/zjarr.tv\/en\/wp-json\/wp\/v2\/posts"}],"about":[{"href":"https:\/\/zjarr.tv\/en\/wp-json\/wp\/v2\/types\/post"}],"author":[{"embeddable":true,"href":"https:\/\/zjarr.tv\/en\/wp-json\/wp\/v2\/users\/2013"}],"replies":[{"embeddable":true,"href":"https:\/\/zjarr.tv\/en\/wp-json\/wp\/v2\/comments?post=97663"}],"version-history":[{"count":0,"href":"https:\/\/zjarr.tv\/en\/wp-json\/wp\/v2\/posts\/97663\/revisions"}],"wp:featuredmedia":[{"embeddable":true,"href":"https:\/\/zjarr.tv\/en\/wp-json\/wp\/v2\/media\/94371"}],"wp:attachment":[{"href":"https:\/\/zjarr.tv\/en\/wp-json\/wp\/v2\/media?parent=97663"}],"wp:term":[{"taxonomy":"category","embeddable":true,"href":"https:\/\/zjarr.tv\/en\/wp-json\/wp\/v2\/categories?post=97663"},{"taxonomy":"post_tag","embeddable":true,"href":"https:\/\/zjarr.tv\/en\/wp-json\/wp\/v2\/tags?post=97663"}],"curies":[{"name":"wp","href":"https:\/\/api.w.org\/{rel}","templated":true}]}}