{"id":97668,"date":"2019-07-21T12:20:55","date_gmt":"2019-07-21T10:20:55","guid":{"rendered":"https:\/\/zjarr.tv\/?p=97668"},"modified":"2019-07-21T12:20:55","modified_gmt":"2019-07-21T10:20:55","slug":"prela-flet-per-dosjet-vip-per-agron-xhafajn-dhe-tahirin-vendosen-prokuroret","status":"publish","type":"post","link":"https:\/\/zjarr.tv\/en\/prela-flet-per-dosjet-vip-per-agron-xhafajn-dhe-tahirin-vendosen-prokuroret\/","title":{"rendered":"Prela flet p\u00ebr dosjet VIP: P\u00ebr Agron Xhafajn dhe Tahirin vendos\u00ebn prokuror\u00ebt"},"content":{"rendered":"<p>Drejtuesja e Prokuroris\u00eb p\u00ebr Krime t\u00eb R\u00ebnda, Donika Prela ka folur p\u00ebr disa nga dosjet e nxehta t\u00eb trajtuara vitet e fundit, p\u00ebrfshi hetimet ndaj ish-ministrit Saimir Tahiri, por edhe rastin e akuzave ndaj shtetasit Agron Xhafaj, v\u00ebllait t\u00eb ish-ministrit Fatmir Xhafaj.<\/p>\n<p>Gjat\u00eb intervist\u00ebs s\u00eb dh\u00ebn\u00eb n\u00eb KLP, n\u00eb funksion t\u00eb kandidimit p\u00ebr tu em\u00ebruar n\u00eb SPAK, Prela \u00ebsht\u00eb pyetur p\u00ebr presione t\u00eb mundshme nga politika.<\/p>\n<p>Drejtuesja e komanduar e Krimeve t\u00eb R\u00ebnda \u00ebsht\u00eb shprehur q\u00eb \u00ebsht\u00eb akuzuar q\u00eb n\u00eb dit\u00ebn e par\u00eb q\u00eb ka marr\u00eb detyr\u00ebn se do t\u00eb kontrollonte hetimet p\u00ebr shtetasin Agron Xhafaj, por tha se m\u00ebnyra si p\u00ebrfundoi \u00e7\u00ebshtja \u00ebsht\u00eb vendosur nga prokuror\u00ebt dhe verdikti i tyre \u00ebsht\u00eb konfirmuar m\u00eb pas nga gjykatat.<\/p>\n<p><strong>Prela:<\/strong>\u00a0<em>\u00c7\u00ebshtja e Agron Xhafajt mori ato zgjidhje q\u00eb mori \u00a0dhe nuk ishte zgjidhje e drejtueses s\u00eb krimeve t\u00eb r\u00ebnda, pavar\u00ebsisht se u atakua drejtp\u00ebrdrejt p\u00ebr k\u00ebt\u00eb situata. Ishte zgjidhja e dy prokuror\u00ebve t\u00eb prokuroris\u00eb s\u00eb krimeve t\u00eb r\u00ebnda nga 15 prokuror\u00eb dhe gjyqtar\u00eb bashk\u00eb dhe mori zgjidhjen q\u00eb mori.<\/em><\/p>\n<p>Kryeprokurorja e Krimeve t\u00eb R\u00ebnda nga ana tjet\u00ebr tha se ishte akuzuar se do t\u00eb pushonte hetimet ndaj Saimir Tahirit, por n\u00eb fakt dosja e tij u d\u00ebrgua n\u00eb gjyq p\u00ebr trafik \u00a0droge.<\/p>\n<p><strong>Prela:<\/strong>\u00a0<em>\u00c7\u00ebshtja Tahiri ishte pik\u00ebrisht \u00e7\u00ebshtja q\u00eb kishte t\u00eb b\u00ebnte me mazhoranc\u00ebn n\u00eb fuqi. U tha q\u00eb drejtuesja e Krimeve t\u00eb R\u00ebnda ka ardhur me q\u00ebllim p\u00ebr t\u00eb prishur provat, p\u00ebr ti dh\u00ebn\u00eb pafaj\u00ebsi Tahirit. Nd\u00ebrkoh\u00eb q\u00eb prokuror\u00ebt ishin t\u00eb lir\u00eb p\u00ebr t\u00eb vendosur n\u00eb zgjidhjen juridike dhe mori po k\u00ebt\u00eb zgjidhje q\u00eb mori.<\/em><\/p>\n<p>Ndon\u00ebse tha se nuk kishte ndikuar n\u00eb vendimmarrjen e prokuror\u00ebve p\u00ebr \u00e7\u00ebshtje konkrete m\u00eb her\u00ebt gjat\u00eb prezantimit, Prela \u00ebsht\u00eb shprehur se drejtuesi i Prokuroris\u00eb ka kontributin n\u00eb \u00e7do hetim.<\/p>\n<p><strong>Prela:<\/strong>\u00a0<em>T\u00eb gjitha hetimet, qoft\u00eb ato t\u00eb suksesshme por edhe d\u00ebshtimet mbajn\u00eb firm\u00ebn e drejtuesit t\u00eb prokuroris\u00eb.<\/em><\/p>\n<p>N\u00eb renditjen e 15 kandidat\u00ebve p\u00ebr tu em\u00ebruar n\u00eb SPAK, KLP ka l\u00ebn\u00eb jasht\u00eb list\u00ebs drejtuesen e Komanduar t\u00eb Krimeve t\u00eb R\u00ebnda, Donika Prela.<\/p>","protected":false},"excerpt":{"rendered":"<p>Drejtuesja e Prokuroris\u00eb p\u00ebr Krime t\u00eb R\u00ebnda, Donika Prela ka folur p\u00ebr disa nga dosjet e nxehta t\u00eb trajtuara vitet e fundit, p\u00ebrfshi hetimet ndaj ish-ministrit Saimir Tahiri, por edhe rastin e akuzave ndaj shtetasit Agron Xhafaj, v\u00ebllait t\u00eb ish-ministrit Fatmir Xhafaj. Gjat\u00eb intervist\u00ebs s\u00eb dh\u00ebn\u00eb n\u00eb KLP, n\u00eb funksion t\u00eb kandidimit p\u00ebr tu em\u00ebruar [&hellip;]<\/p>\n","protected":false},"author":2013,"featured_media":65607,"comment_status":"open","ping_status":"closed","sticky":false,"template":"","format":"standard","meta":{"footnotes":""},"categories":[241,235],"tags":[],"class_list":{"0":"post-97668","1":"post","2":"type-post","3":"status-publish","4":"format-standard","5":"has-post-thumbnail","7":"category-aktualitet","8":"category-vendi"},"_links":{"self":[{"href":"https:\/\/zjarr.tv\/en\/wp-json\/wp\/v2\/posts\/97668","targetHints":{"allow":["GET"]}}],"collection":[{"href":"https:\/\/zjarr.tv\/en\/wp-json\/wp\/v2\/posts"}],"about":[{"href":"https:\/\/zjarr.tv\/en\/wp-json\/wp\/v2\/types\/post"}],"author":[{"embeddable":true,"href":"https:\/\/zjarr.tv\/en\/wp-json\/wp\/v2\/users\/2013"}],"replies":[{"embeddable":true,"href":"https:\/\/zjarr.tv\/en\/wp-json\/wp\/v2\/comments?post=97668"}],"version-history":[{"count":0,"href":"https:\/\/zjarr.tv\/en\/wp-json\/wp\/v2\/posts\/97668\/revisions"}],"wp:featuredmedia":[{"embeddable":true,"href":"https:\/\/zjarr.tv\/en\/wp-json\/wp\/v2\/media\/65607"}],"wp:attachment":[{"href":"https:\/\/zjarr.tv\/en\/wp-json\/wp\/v2\/media?parent=97668"}],"wp:term":[{"taxonomy":"category","embeddable":true,"href":"https:\/\/zjarr.tv\/en\/wp-json\/wp\/v2\/categories?post=97668"},{"taxonomy":"post_tag","embeddable":true,"href":"https:\/\/zjarr.tv\/en\/wp-json\/wp\/v2\/tags?post=97668"}],"curies":[{"name":"wp","href":"https:\/\/api.w.org\/{rel}","templated":true}]}}