{"id":97678,"date":"2019-07-21T13:40:42","date_gmt":"2019-07-21T11:40:42","guid":{"rendered":"https:\/\/zjarr.tv\/?p=97678"},"modified":"2019-07-21T13:40:42","modified_gmt":"2019-07-21T11:40:42","slug":"ministrja-denaj-inspekton-bizneset-ne-zonen-e-lungomares-ne-vlore","status":"publish","type":"post","link":"https:\/\/zjarr.tv\/en\/ministrja-denaj-inspekton-bizneset-ne-zonen-e-lungomares-ne-vlore\/","title":{"rendered":"Ministrja Denaj inspekton bizneset n\u00eb zon\u00ebn e Lungomares n\u00eb Vlor\u00eb"},"content":{"rendered":"<p><strong>Denaj apel bizneseve: Respektoni ligjin, jemi n\u00eb mbrojtje t\u00eb konsumatorit<\/strong><\/p>\n<p>Ministrja e Financave dhe Ekonomis\u00eb, znj. Anila Denaj, n\u00eb kuad\u00ebr t\u00eb zbatimit t\u00eb Planit Operacional n\u00eb luft\u00ebn kund\u00ebr Informalitetit, inspektoi sot disa subjekte n\u00eb zon\u00ebn e\u00a0 Lungomares, n\u00eb Vlor\u00eb.<\/p>\n<p>Ministrja Denaj u njoh nga drejtuesit e Hetimtit Tatimor Rajoni Jugor me rezultatet e arritura dit\u00ebt e fundit, gjat\u00eb s\u00eb cilave jan\u00eb nd\u00ebrmarr\u00eb 19 verifikime n\u00eb terren dhe jan\u00eb konstatuar subjekte me problematik\u00eb. Me konkretisht \u00ebsht\u00eb marr\u00eb masa e bollkimit t\u00eb aktvitetit ekonomik p\u00ebr 2 subjekte, pasi ka rezultuar se nuk kan\u00eb qen\u00eb t\u00eb regjistruara n\u00eb Qendr\u00ebn Komb\u00ebtare t\u00eb Biznesit. Gjithashtu \u00ebsht\u00eb penalizuar nj\u00eb subjekt p\u00ebr mosl\u00ebshim kuponi (hera e par\u00eb), i cili u gjobit n\u00eb\u00a0 mas\u00ebn 50,000 lek\u00eb, sipas legjislacionit n\u00eb fuqi.<\/p>\n<p>Gjat\u00eb fjal\u00ebs s\u00eb saj, ministja Denaj, tha se do t\u00eb vijohet puna p\u00ebr evidentimin e subjekteve q\u00eb nuk p\u00ebrmbushin detyrimet ligjore dhe tatimore. \u201c Kemi inspektuar gjith\u00eb zon\u00ebn e bregdetit deri n\u00eb Orikum dhe do t\u00eb vazhdojm\u00eb me verifikimet. Shpresoj q\u00eb t\u00eb kemi rritur nd\u00ebrgjegj\u00ebsimin e bizneseve dhe p\u00ebr k\u00ebt\u00eb flasin edhe shifrat. Sikund\u00ebr e kemi n\u00ebnvizuar gjithmon\u00eb q\u00ebllimi yn\u00eb nuk \u00ebsht\u00eb vet\u00ebm kryerja e verifikimeve n\u00eb terren, por edhe nd\u00ebrgjegj\u00ebsimi. P\u00ebrgjegj\u00ebsia e biznesit \u00ebsht\u00eb p\u00ebrgjegj\u00ebsia e k\u00ebrkuar p\u00ebr t\u00eb respektuar ligjin dhe p\u00ebr t\u00eb qen\u00eb n\u00eb mbrojtje t\u00eb konsumatorit\u201d, tha ministrja Denaj.<\/p>\n<p>Ministrja e Financave dhe Ekonomis\u00eb k\u00ebrkoi nga strukturat e Hetimit Tatimor q\u00eb t\u00eb vijohet me inspektime m\u00eb t\u00eb shpeshta, n\u00eb t\u00eb gjith\u00eb bregdetin jugor,\u00a0 duke filluar nga Divjaka deri n\u00eb Ksamil, kryesisht n\u00eb oraret ku aktiviteti ekonomik \u00ebsht\u00eb m\u00eb i lart\u00eb dhe ka m\u00eb shum\u00eb mund\u00ebsi q\u00eb t\u00eb konstatohen parregullsi ligjore.<\/p>\n<p>\u201cUn\u00eb mendoj se kemi akoma shum\u00eb pun\u00eb p\u00ebr t\u00eb b\u00ebr\u00eb, p\u00ebr t\u00eb inspektuar t\u00eb gjith\u00eb zon\u00ebn deri n\u00eb fund. Shpresojm\u00eb q\u00eb t\u00eb kemi zero gjetje, zero kupona n\u00eb shkelje t\u00eb ligjit dhe mbi t\u00eb gjitha t\u00eb kemi regjistrime t\u00eb plota\u201d, tha ministrja.<\/p>\n<p>Zbatimi i Planit Operacional do t\u00eb vijoj\u00eb t\u00eb shtrihet n\u00eb t\u00eb gjith\u00eb territorin p\u00ebr t\u00eb b\u00ebr\u00eb t\u00eb mundur evidentimin e subjekteve q\u00eb nuk respektojn\u00eb ligjin, rritjen e t\u00eb ardhurave, si dhe respektimin e konkurrenc\u00ebs s\u00eb ndershme.<\/p>\n<p>&nbsp;<\/p>","protected":false},"excerpt":{"rendered":"<p>Denaj apel bizneseve: Respektoni ligjin, jemi n\u00eb mbrojtje t\u00eb konsumatorit Ministrja e Financave dhe Ekonomis\u00eb, znj. Anila Denaj, n\u00eb kuad\u00ebr t\u00eb zbatimit t\u00eb Planit Operacional n\u00eb luft\u00ebn kund\u00ebr Informalitetit, inspektoi sot disa subjekte n\u00eb zon\u00ebn e\u00a0 Lungomares, n\u00eb Vlor\u00eb. Ministrja Denaj u njoh nga drejtuesit e Hetimtit Tatimor Rajoni Jugor me rezultatet e arritura dit\u00ebt [&hellip;]<\/p>\n","protected":false},"author":2013,"featured_media":97679,"comment_status":"open","ping_status":"closed","sticky":false,"template":"","format":"standard","meta":{"footnotes":""},"categories":[241,235],"tags":[],"class_list":{"0":"post-97678","1":"post","2":"type-post","3":"status-publish","4":"format-standard","5":"has-post-thumbnail","7":"category-aktualitet","8":"category-vendi"},"_links":{"self":[{"href":"https:\/\/zjarr.tv\/en\/wp-json\/wp\/v2\/posts\/97678","targetHints":{"allow":["GET"]}}],"collection":[{"href":"https:\/\/zjarr.tv\/en\/wp-json\/wp\/v2\/posts"}],"about":[{"href":"https:\/\/zjarr.tv\/en\/wp-json\/wp\/v2\/types\/post"}],"author":[{"embeddable":true,"href":"https:\/\/zjarr.tv\/en\/wp-json\/wp\/v2\/users\/2013"}],"replies":[{"embeddable":true,"href":"https:\/\/zjarr.tv\/en\/wp-json\/wp\/v2\/comments?post=97678"}],"version-history":[{"count":0,"href":"https:\/\/zjarr.tv\/en\/wp-json\/wp\/v2\/posts\/97678\/revisions"}],"wp:featuredmedia":[{"embeddable":true,"href":"https:\/\/zjarr.tv\/en\/wp-json\/wp\/v2\/media\/97679"}],"wp:attachment":[{"href":"https:\/\/zjarr.tv\/en\/wp-json\/wp\/v2\/media?parent=97678"}],"wp:term":[{"taxonomy":"category","embeddable":true,"href":"https:\/\/zjarr.tv\/en\/wp-json\/wp\/v2\/categories?post=97678"},{"taxonomy":"post_tag","embeddable":true,"href":"https:\/\/zjarr.tv\/en\/wp-json\/wp\/v2\/tags?post=97678"}],"curies":[{"name":"wp","href":"https:\/\/api.w.org\/{rel}","templated":true}]}}