{"id":97690,"date":"2019-07-21T14:59:54","date_gmt":"2019-07-21T12:59:54","guid":{"rendered":"https:\/\/zjarr.tv\/?p=97690"},"modified":"2019-07-21T14:59:54","modified_gmt":"2019-07-21T12:59:54","slug":"artan-fuga-e-ka-nje-thirrje-te-fundit-deri-me-28-korrik-koha-te-veprojme-pasiviteti-dhe-gjumi-jane-te-pafalshme","status":"publish","type":"post","link":"https:\/\/zjarr.tv\/en\/artan-fuga-e-ka-nje-thirrje-te-fundit-deri-me-28-korrik-koha-te-veprojme-pasiviteti-dhe-gjumi-jane-te-pafalshme\/","title":{"rendered":"Artan Fuga e ka nj\u00eb thirrje t\u00eb fundit: Deri me 28 korrik, koha t\u00eb veprojm\u00eb, pasiviteti dhe gjumi jan\u00eb t\u00eb pafalshme\u2026"},"content":{"rendered":"<p>&nbsp;<\/p>\n<p>Akademiku Artan Fuga i \u00ebsht\u00eb drejtuar me nj\u00eb thirrje t\u00eb hapur stafeve t\u00eb universiteteve q\u00eb t\u00eb reagojn\u00eb dhe veprojn\u00eb sipas t\u00eb gjitha t\u00eb drejtave tona t\u00eb njohura ligj\u00ebrisht dhe demokratikisht p\u00ebr t\u00eb ngritur z\u00ebrin.<\/p>\n<p>Fuga p\u00ebrmes nj\u00eb postimi n\u00eb rrjet shkruan se pasiviteti dhe gjumi yn\u00eb do t\u00eb jen\u00eb t\u00eb pafalsh\u00ebm! \u201cNuk \u00ebsht\u00eb fjala p\u00ebr partit\u00eb, as p\u00ebr politik\u00eb partiake,por p\u00ebr veten ton\u00eb dhe p\u00ebr universitetet shqiptare, p\u00ebr dijen dhe rinin\u00eb komb\u00ebtare!\u201d, shkruan Fuga.<\/p>\n<p>Postimi i plot\u00eb i Artan Fug\u00ebs:<\/p>\n<p>Profesor\u00eb, prof. t\u00eb asociuar, doktor\u00eb t\u00eb universiteteve private dhe publike!<\/p>\n<p>Thirrje publike!<\/p>\n<p>Sikurse e kam thirrur publikisht, ligji q\u00eb kaloi n\u00eb Kuvend p\u00ebr akademin\u00eb e shkencave ve\u00e7 t\u00eb tjerash c\u00ebnon n\u00eb kund\u00ebrshtim me ligjet n\u00eb fuqi statusin e profesorit dhe t\u00eb profesorit t\u00eb asociuar!<\/p>\n<p>Esht\u00eb koha q\u00eb ne t\u00eb veprojm\u00eb sipas t\u00eb gjitha t\u00eb drejtave tona t\u00eb njohura ligj\u00ebrisht dhe demokratikisht p\u00ebr t\u00eb ngritur z\u00ebrin dhe vepruar q\u00eb :<\/p>\n<p>\u2013 T\u00eb mos degradohet statusi yn\u00eb socio-profesional<br \/>\n\u2013 T\u00eb mos degradohet statusi i universiteteve publike dhe private duke rr\u00ebnuar stafet e tyre<br \/>\n\u2013 T\u00eb mos shkat\u00ebrrohet imazhi i k\u00ebrkimit shkencor n\u00eb Universitete dhe t\u00eb ruhet pavar\u00ebsia e tij e plot\u00eb q\u00eb disa uzurpator\u00eb t\u00eb vet\u00ebquajtur si \u201cakademik\u00eb\u201d duan ta shkat\u00ebrrojn\u00eb!<br \/>\n\u2013 T\u00eb mos ulet edhe m\u00eb posht\u00eb vlera e diplomave t\u00eb universiteteve me forc\u00ebn e nj\u00eb ligji t\u00eb b\u00ebr\u00eb edhe kund\u00ebr teknicien\u00ebve dhe specialist\u00ebve t\u00eb arsimit dhe shkenc\u00ebs!<br \/>\n\u2013 T\u00eb mos bllokohet karriera shkencore e doktor\u00ebve dhe k\u00ebrkuesve t\u00eb rinj shkencor\u00eb!<\/p>\n<p>Un\u00eb e di se \u00e7far\u00eb duhet dhe mund t\u00eb b\u00ebhet! Pasiviteti dhe gjumi yn\u00eb do t\u00eb jen\u00eb t\u00eb pafalsh\u00ebm! Nuk \u00ebsht\u00eb fjala p\u00ebr partit\u00eb, as p\u00ebr politik\u00eb partiake,por p\u00ebr veten ton\u00eb dhe p\u00ebr universitetet shqiptare, p\u00ebr dijen dhe rinin\u00eb komb\u00ebtare!<\/p>\n<p>Kush beson, kush ka sadopak energji, kush ka sed\u00ebr dhe dinjitet profesional le t\u00eb m\u00eb bashkohet! Un\u00eb kam nj\u00eb propozim shum\u00eb konkret dhe konstruktiv p\u00ebr t\u00eb gjith\u00eb ne!<\/p>\n<p>Jemi l\u00ebn\u00eb n\u00eb balt\u00eb!<\/p>\n<p>Mjafton t\u00eb m\u00eb shkruani brenda dat\u00ebs 28 korrik 2019 n\u00eb inbox t\u00eb facebook, ose n\u00eb messenger, dhe jam gati ta ndaj iden\u00eb time me cilindo nga ju!<\/p>\n<p>Ju pres!<\/p>\n<p>E drejta juaj p\u00ebr t\u00eb m\u00eb l\u00ebn\u00eb vet\u00ebm!<\/p>\n<p>Un\u00eb do vazhdoj qoft\u00eb edhe i vetmuar!<\/p>\n<p>Jo p\u00ebr vete, por p\u00ebr ne!<\/p>\n<p>&nbsp;<\/p>","protected":false},"excerpt":{"rendered":"<p>&nbsp; Akademiku Artan Fuga i \u00ebsht\u00eb drejtuar me nj\u00eb thirrje t\u00eb hapur stafeve t\u00eb universiteteve q\u00eb t\u00eb reagojn\u00eb dhe veprojn\u00eb sipas t\u00eb gjitha t\u00eb drejtave tona t\u00eb njohura ligj\u00ebrisht dhe demokratikisht p\u00ebr t\u00eb ngritur z\u00ebrin. Fuga p\u00ebrmes nj\u00eb postimi n\u00eb rrjet shkruan se pasiviteti dhe gjumi yn\u00eb do t\u00eb jen\u00eb t\u00eb pafalsh\u00ebm! \u201cNuk \u00ebsht\u00eb fjala [&hellip;]<\/p>\n","protected":false},"author":2013,"featured_media":55181,"comment_status":"open","ping_status":"closed","sticky":false,"template":"","format":"standard","meta":{"footnotes":""},"categories":[241,235],"tags":[],"class_list":{"0":"post-97690","1":"post","2":"type-post","3":"status-publish","4":"format-standard","5":"has-post-thumbnail","7":"category-aktualitet","8":"category-vendi"},"_links":{"self":[{"href":"https:\/\/zjarr.tv\/en\/wp-json\/wp\/v2\/posts\/97690","targetHints":{"allow":["GET"]}}],"collection":[{"href":"https:\/\/zjarr.tv\/en\/wp-json\/wp\/v2\/posts"}],"about":[{"href":"https:\/\/zjarr.tv\/en\/wp-json\/wp\/v2\/types\/post"}],"author":[{"embeddable":true,"href":"https:\/\/zjarr.tv\/en\/wp-json\/wp\/v2\/users\/2013"}],"replies":[{"embeddable":true,"href":"https:\/\/zjarr.tv\/en\/wp-json\/wp\/v2\/comments?post=97690"}],"version-history":[{"count":0,"href":"https:\/\/zjarr.tv\/en\/wp-json\/wp\/v2\/posts\/97690\/revisions"}],"wp:featuredmedia":[{"embeddable":true,"href":"https:\/\/zjarr.tv\/en\/wp-json\/wp\/v2\/media\/55181"}],"wp:attachment":[{"href":"https:\/\/zjarr.tv\/en\/wp-json\/wp\/v2\/media?parent=97690"}],"wp:term":[{"taxonomy":"category","embeddable":true,"href":"https:\/\/zjarr.tv\/en\/wp-json\/wp\/v2\/categories?post=97690"},{"taxonomy":"post_tag","embeddable":true,"href":"https:\/\/zjarr.tv\/en\/wp-json\/wp\/v2\/tags?post=97690"}],"curies":[{"name":"wp","href":"https:\/\/api.w.org\/{rel}","templated":true}]}}