{"id":97695,"date":"2019-07-21T15:29:00","date_gmt":"2019-07-21T13:29:00","guid":{"rendered":"https:\/\/zjarr.tv\/?p=97695"},"modified":"2019-07-21T15:29:00","modified_gmt":"2019-07-21T13:29:00","slug":"vettingu-ne-polici-efektivet-duhet-te-deklarojne-edhe-orendite-shtepiake","status":"publish","type":"post","link":"https:\/\/zjarr.tv\/en\/vettingu-ne-polici-efektivet-duhet-te-deklarojne-edhe-orendite-shtepiake\/","title":{"rendered":"Vettingu n\u00eb polici, efektiv\u00ebt duhet t\u00eb deklarojn\u00eb edhe orendit\u00eb sht\u00ebpiake"},"content":{"rendered":"<p>N\u00eb nj\u00eb koh\u00eb procesi i vettingut n\u00eb policis\u00eb ka nisur me zyrtar\u00ebt e par\u00eb t\u00eb nivelit drejtues, spektri i verifikimit \u00ebsht\u00eb zgjeruar duke p\u00ebrfshir\u00eb edhe rrethin familjar t\u00eb efektivave.<\/p>\n<p>Ata duhet t\u00eb deklarojn\u00eb detajet e jet\u00ebs ekonomike n\u00eb nj\u00eb tjet\u00ebr formular t\u00eb ri para se ti n\u00ebnshtrohen filtrimit.<\/p>\n<p>Dokumenti i vet\u00ebdeklarimit u \u00ebsht\u00eb shp\u00ebrndar\u00eb t\u00eb gjith\u00eb efektiv\u00ebve, t\u00eb cil\u00ebve u k\u00ebrkohet t\u00eb p\u00ebrgjigjen p\u00ebr detaje t\u00eb tjera t\u00eb jet\u00ebs personale, t\u00eb stilit t\u00eb jetes\u00ebs dhe kushteve n\u00eb t\u00eb cilat ata jetojn\u00eb.<\/p>\n<p>Punonj\u00ebsit e policis\u00eb duhet t\u00eb deklarojn\u00eb n\u00eb formular pajisjet elektrosht\u00ebpiake, si televizor, lavatri\u00e7e, frigorifer, bolier apo dhe pajisje t\u00eb tjera.<\/p>\n<p>P\u00ebrve\u00e7 detajeve p\u00ebr orendit\u00eb q\u00eb kan\u00eb n\u00eb banes\u00eb punonj\u00ebsit duhet t\u00eb rr\u00ebfejn\u00eb n\u00eb formular sip\u00ebrfaqen e sht\u00ebpis\u00eb, apo n\u00ebse jetojn\u00eb me qira, duke specifikuar n\u00ebse e kan\u00eb n\u00eb p\u00ebrdorim banes\u00ebn apo jan\u00eb me kredi.<\/p>\n<p>\u00c7do efektiv duhet t\u00eb komentoj\u00eb n\u00eb formular n\u00ebse banesa \u00ebsht\u00eb e k\u00ebnaqshme, e mjaftueshme apo e pamjaftueshme si edhe t\u00eb jap\u00eb nj\u00eb bilanc t\u00eb t\u00eb ardhurave mujore t\u00eb an\u00ebtar\u00ebve t\u00eb familjes. Vet\u00ebdeklarimi do t\u00eb p\u00ebrcillet elektronikisht pran\u00eb Drejtoris\u00eb s\u00eb Burimeve Njer\u00ebzore n\u00eb Drejtorin\u00eb e P\u00ebrgjithshme t\u00eb Policis\u00eb s\u00eb Shtetit p\u00ebr tu pranuar m\u00eb pas n\u00eb sistem.<\/p>\n<p>Vettingu n\u00eb polici nis n\u00eb jav\u00ebn e par\u00eb t\u00eb muajit gusht, ku gjat\u00eb faz\u00ebs s\u00eb par\u00eb do t\u00eb skanohen 245 drejtues me grada t\u00eb larta n\u00eb nivel qendror n\u00eb policin\u00eb e shtetit, SH\u00c7BA dhe gard\u00ebn e republik\u00ebs.<\/p>\n<p>Kjo faz\u00eb pritet t\u00eb zgjas\u00eb rreth 1 vit, nd\u00ebrsa procesi synon kontrollin e figur\u00ebs, pasuris\u00eb dhe aft\u00ebsive profesionale t\u00eb punonj\u00ebsve t\u00eb policis\u00eb s\u00eb Shtetit me q\u00ebllim shkarkimin e efektivave t\u00eb korruptuar dhe t\u00eb lidhur me krimin.<\/p>\n<p>&nbsp;<\/p>","protected":false},"excerpt":{"rendered":"<p>N\u00eb nj\u00eb koh\u00eb procesi i vettingut n\u00eb policis\u00eb ka nisur me zyrtar\u00ebt e par\u00eb t\u00eb nivelit drejtues, spektri i verifikimit \u00ebsht\u00eb zgjeruar duke p\u00ebrfshir\u00eb edhe rrethin familjar t\u00eb efektivave. Ata duhet t\u00eb deklarojn\u00eb detajet e jet\u00ebs ekonomike n\u00eb nj\u00eb tjet\u00ebr formular t\u00eb ri para se ti n\u00ebnshtrohen filtrimit. Dokumenti i vet\u00ebdeklarimit u \u00ebsht\u00eb shp\u00ebrndar\u00eb t\u00eb [&hellip;]<\/p>\n","protected":false},"author":2013,"featured_media":72756,"comment_status":"open","ping_status":"closed","sticky":false,"template":"","format":"standard","meta":{"footnotes":""},"categories":[241,235],"tags":[],"class_list":{"0":"post-97695","1":"post","2":"type-post","3":"status-publish","4":"format-standard","5":"has-post-thumbnail","7":"category-aktualitet","8":"category-vendi"},"_links":{"self":[{"href":"https:\/\/zjarr.tv\/en\/wp-json\/wp\/v2\/posts\/97695","targetHints":{"allow":["GET"]}}],"collection":[{"href":"https:\/\/zjarr.tv\/en\/wp-json\/wp\/v2\/posts"}],"about":[{"href":"https:\/\/zjarr.tv\/en\/wp-json\/wp\/v2\/types\/post"}],"author":[{"embeddable":true,"href":"https:\/\/zjarr.tv\/en\/wp-json\/wp\/v2\/users\/2013"}],"replies":[{"embeddable":true,"href":"https:\/\/zjarr.tv\/en\/wp-json\/wp\/v2\/comments?post=97695"}],"version-history":[{"count":0,"href":"https:\/\/zjarr.tv\/en\/wp-json\/wp\/v2\/posts\/97695\/revisions"}],"wp:featuredmedia":[{"embeddable":true,"href":"https:\/\/zjarr.tv\/en\/wp-json\/wp\/v2\/media\/72756"}],"wp:attachment":[{"href":"https:\/\/zjarr.tv\/en\/wp-json\/wp\/v2\/media?parent=97695"}],"wp:term":[{"taxonomy":"category","embeddable":true,"href":"https:\/\/zjarr.tv\/en\/wp-json\/wp\/v2\/categories?post=97695"},{"taxonomy":"post_tag","embeddable":true,"href":"https:\/\/zjarr.tv\/en\/wp-json\/wp\/v2\/tags?post=97695"}],"curies":[{"name":"wp","href":"https:\/\/api.w.org\/{rel}","templated":true}]}}