{"id":97776,"date":"2019-07-21T18:03:20","date_gmt":"2019-07-21T16:03:20","guid":{"rendered":"https:\/\/zjarr.tv\/?p=97776"},"modified":"2019-07-21T18:03:20","modified_gmt":"2019-07-21T16:03:20","slug":"kercenoi-me-arme-babe-e-bir-arrestohet-48-vjecari-ne-diber","status":"publish","type":"post","link":"https:\/\/zjarr.tv\/en\/kercenoi-me-arme-babe-e-bir-arrestohet-48-vjecari-ne-diber\/","title":{"rendered":"K\u00ebrc\u00ebnoi me arm\u00eb bab\u00eb e bir, arrestohet 48-vje\u00e7ari n\u00eb Dib\u00ebr"},"content":{"rendered":"<p>Nj\u00eb 48-vje\u00e7ar, i akuzuar p\u00ebr kanosjen me arm\u00eb t\u00eb bab\u00eb e bir ka r\u00ebn\u00eb n\u00eb prangat e policis\u00eb s\u00eb Dibr\u00ebs.<\/p>\n<p>I arrestuari \u00ebsht\u00eb shtetasi A (B) Sh, 48 vje\u00e7, banues n\u00eb fshatin Hotesh, nj\u00ebsia Administrative Luzni, Dib\u00ebr.<\/p>\n<p>\u201cKy shtetas n\u00eb vitin 2018, n\u00eb fshatin Hotesh, p\u00ebr motive pron\u00ebsie ka kanosur me arm\u00eb shtetasin B.Sh, dhe A.Sh (bab\u00eb e bir). N\u00eb ngarkim t\u00eb k\u00ebtij shtetasi, Gjykata e Rrethit Gjyq\u00ebsor Dib\u00ebr dat\u00eb 20.03.2018 ka vendosur si mas\u00eb sigurimi \u201cArrest n\u00eb burg\u201d,\u00a0njofton policia.<\/p>\n<p>I arrestuari akuzohet p\u00ebr dy vepra penale at\u00eb t\u00eb \u201cMbajtjes pa leje t\u00eb arm\u00ebve luftarake n\u00eb ambiente publike\u201d dhe \u201cKanosja\u201d.<\/p>\n<p>Materialet do ti kalojn\u00eb Prokuroris\u00eb Pran\u00eb Gjykat\u00ebs s\u00eb Shkall\u00ebs s\u00eb Par\u00eb Dib\u00ebr p\u00ebr veprime t\u00eb m\u00ebtejshme.<\/p>\n<p>&nbsp;<\/p>","protected":false},"excerpt":{"rendered":"<p>Nj\u00eb 48-vje\u00e7ar, i akuzuar p\u00ebr kanosjen me arm\u00eb t\u00eb bab\u00eb e bir ka r\u00ebn\u00eb n\u00eb prangat e policis\u00eb s\u00eb Dibr\u00ebs. I arrestuari \u00ebsht\u00eb shtetasi A (B) Sh, 48 vje\u00e7, banues n\u00eb fshatin Hotesh, nj\u00ebsia Administrative Luzni, Dib\u00ebr. \u201cKy shtetas n\u00eb vitin 2018, n\u00eb fshatin Hotesh, p\u00ebr motive pron\u00ebsie ka kanosur me arm\u00eb shtetasin B.Sh, dhe [&hellip;]<\/p>\n","protected":false},"author":2013,"featured_media":97777,"comment_status":"open","ping_status":"closed","sticky":false,"template":"","format":"standard","meta":{"footnotes":""},"categories":[241,235],"tags":[],"class_list":{"0":"post-97776","1":"post","2":"type-post","3":"status-publish","4":"format-standard","5":"has-post-thumbnail","7":"category-aktualitet","8":"category-vendi"},"_links":{"self":[{"href":"https:\/\/zjarr.tv\/en\/wp-json\/wp\/v2\/posts\/97776","targetHints":{"allow":["GET"]}}],"collection":[{"href":"https:\/\/zjarr.tv\/en\/wp-json\/wp\/v2\/posts"}],"about":[{"href":"https:\/\/zjarr.tv\/en\/wp-json\/wp\/v2\/types\/post"}],"author":[{"embeddable":true,"href":"https:\/\/zjarr.tv\/en\/wp-json\/wp\/v2\/users\/2013"}],"replies":[{"embeddable":true,"href":"https:\/\/zjarr.tv\/en\/wp-json\/wp\/v2\/comments?post=97776"}],"version-history":[{"count":0,"href":"https:\/\/zjarr.tv\/en\/wp-json\/wp\/v2\/posts\/97776\/revisions"}],"wp:featuredmedia":[{"embeddable":true,"href":"https:\/\/zjarr.tv\/en\/wp-json\/wp\/v2\/media\/97777"}],"wp:attachment":[{"href":"https:\/\/zjarr.tv\/en\/wp-json\/wp\/v2\/media?parent=97776"}],"wp:term":[{"taxonomy":"category","embeddable":true,"href":"https:\/\/zjarr.tv\/en\/wp-json\/wp\/v2\/categories?post=97776"},{"taxonomy":"post_tag","embeddable":true,"href":"https:\/\/zjarr.tv\/en\/wp-json\/wp\/v2\/tags?post=97776"}],"curies":[{"name":"wp","href":"https:\/\/api.w.org\/{rel}","templated":true}]}}