{"id":97787,"date":"2019-07-21T18:09:26","date_gmt":"2019-07-21T16:09:26","guid":{"rendered":"https:\/\/zjarr.tv\/?p=97787"},"modified":"2019-07-21T18:09:26","modified_gmt":"2019-07-21T16:09:26","slug":"lamtumire-heroi-yne-shqiptaret-dedikime-per-festim-laton","status":"publish","type":"post","link":"https:\/\/zjarr.tv\/en\/lamtumire-heroi-yne-shqiptaret-dedikime-per-festim-laton\/","title":{"rendered":"\u201cLamtumir\u00eb heroi yn\u00eb\u201d, shqiptar\u00ebt dedikime p\u00ebr Festim Laton"},"content":{"rendered":"<p>Nj\u00eb lajm i hidhur ka ardhur nga Holanda. Presidenti i vet\u00ebshpallur i \u00c7am\u00ebris\u00eb Festim Lato \u00ebsht\u00eb gjetur i vdekur n\u00eb k\u00ebt\u00eb vend, ku jetonte prej vitesh.<\/p>\n<p>Lato ishte nj\u00eb figur\u00eb e njohur p\u00ebr aktivitetet e tij publike politike, kryesisht p\u00ebr kauz\u00ebn e \u00c7am\u00ebris\u00eb. Ai kishte ngritur k\u00ebt\u00eb \u00e7\u00ebshtje n\u00eb nivele europiane, teksa jo pak her\u00eb kisht\u00eb zhvilluar edhe takime me p\u00ebrfaq\u00ebsues t\u00eb ndrysh\u00ebm politik europian\u00eb.<\/p>\n<p>Mediat holandeze kan\u00eb raportuar se ai ka vdekur dhe se trupi i \u00ebsht\u00eb gjetur n\u00eb nj\u00eb rrug\u00eb \u00a0Nijmegen. Ai kishte nj\u00eb sht\u00ebpi n\u00eb k\u00ebt\u00eb vend, ku val\u00ebviteshin flamuj t\u00eb Amerik\u00ebs dhe t\u00eb \u00c7am\u00ebris\u00eb.<\/p>\n<p>Pik\u00ebrisht nisur nga fakti se Lato ishte nj\u00eb figur\u00eb e njohur publike, t\u00eb shumt\u00eb kan\u00eb qen\u00eb ata q\u00eb kan\u00eb shkruar n\u00eb profilin e tij n\u00eb \u201cFacebook\u201d. \u201cLamtumir\u00eb heroi yn\u00eb\u201d shkruajn\u00eb disa prej komentuesve. Disa t\u00eb tjer\u00eb e cil\u00ebsojn\u00eb at\u00eb nj\u00ebhero t\u00eb v\u00ebrtet\u00eb q\u00eb b\u00ebri gjith\u00e7ka p\u00ebr \u00c7am\u00ebrin\u00eb.<\/p>\n<p>\u201cNgush\u00ebllime familjes t\u00eb presidentit t\u00eb \u00c7am\u00ebris\u00eb z.Festim Lato. Edhe ky u vra nga pushka e serbit\u201d, shprehet nj\u00eb komentues. Nj\u00eb qytetar i quajtur Mentor Tha\u00e7i thot\u00eb p\u00ebr k\u00ebt\u00eb rast se kishte prap\u00eb krisma kund\u00ebr Cam\u00ebris\u00eb dhe kund\u00ebr kombit shqiptar. \u201cLamtumir\u00eb heroi yn\u00eb Festim Lato\u201d, thot\u00eb dikush tjet\u00ebr. \u201cLavdi e ngush\u00ebllime\u201d, thuhet n\u00eb nj\u00eb tjet\u00ebr mesazh. \u201cI paharruar n\u00eb \u00e7do zem\u00ebr t\u00eb v\u00ebrtet\u00eb shqiptare. Jam krenar q\u00eb pata fatin t\u2019iu njoh nga af\u00ebr presidenti Festim Lato\u201d, thuhet n\u00eb tjet\u00ebr postim.<\/p>\n<p>Festim Lato ishte nj\u00eb njeri i njohur p\u00ebr publikun shqiptar, ku shpesh ka b\u00ebr\u00eb edhe debate me figura t\u00eb tjera t\u00eb njohura politike.<\/p>\n<p>&nbsp;<\/p>","protected":false},"excerpt":{"rendered":"<p>Nj\u00eb lajm i hidhur ka ardhur nga Holanda. Presidenti i vet\u00ebshpallur i \u00c7am\u00ebris\u00eb Festim Lato \u00ebsht\u00eb gjetur i vdekur n\u00eb k\u00ebt\u00eb vend, ku jetonte prej vitesh. Lato ishte nj\u00eb figur\u00eb e njohur p\u00ebr aktivitetet e tij publike politike, kryesisht p\u00ebr kauz\u00ebn e \u00c7am\u00ebris\u00eb. Ai kishte ngritur k\u00ebt\u00eb \u00e7\u00ebshtje n\u00eb nivele europiane, teksa jo pak her\u00eb [&hellip;]<\/p>\n","protected":false},"author":2013,"featured_media":97788,"comment_status":"open","ping_status":"closed","sticky":false,"template":"","format":"standard","meta":{"footnotes":""},"categories":[241,235],"tags":[],"class_list":{"0":"post-97787","1":"post","2":"type-post","3":"status-publish","4":"format-standard","5":"has-post-thumbnail","7":"category-aktualitet","8":"category-vendi"},"_links":{"self":[{"href":"https:\/\/zjarr.tv\/en\/wp-json\/wp\/v2\/posts\/97787","targetHints":{"allow":["GET"]}}],"collection":[{"href":"https:\/\/zjarr.tv\/en\/wp-json\/wp\/v2\/posts"}],"about":[{"href":"https:\/\/zjarr.tv\/en\/wp-json\/wp\/v2\/types\/post"}],"author":[{"embeddable":true,"href":"https:\/\/zjarr.tv\/en\/wp-json\/wp\/v2\/users\/2013"}],"replies":[{"embeddable":true,"href":"https:\/\/zjarr.tv\/en\/wp-json\/wp\/v2\/comments?post=97787"}],"version-history":[{"count":0,"href":"https:\/\/zjarr.tv\/en\/wp-json\/wp\/v2\/posts\/97787\/revisions"}],"wp:featuredmedia":[{"embeddable":true,"href":"https:\/\/zjarr.tv\/en\/wp-json\/wp\/v2\/media\/97788"}],"wp:attachment":[{"href":"https:\/\/zjarr.tv\/en\/wp-json\/wp\/v2\/media?parent=97787"}],"wp:term":[{"taxonomy":"category","embeddable":true,"href":"https:\/\/zjarr.tv\/en\/wp-json\/wp\/v2\/categories?post=97787"},{"taxonomy":"post_tag","embeddable":true,"href":"https:\/\/zjarr.tv\/en\/wp-json\/wp\/v2\/tags?post=97787"}],"curies":[{"name":"wp","href":"https:\/\/api.w.org\/{rel}","templated":true}]}}