{"id":97859,"date":"2019-07-22T12:16:09","date_gmt":"2019-07-22T10:16:09","guid":{"rendered":"https:\/\/zjarr.tv\/?p=97859"},"modified":"2019-07-22T12:16:09","modified_gmt":"2019-07-22T10:16:09","slug":"tahiri-prape-ne-prokurori-gjyqi-im-po-zgjatet-pertej-cdo-limiti","status":"publish","type":"post","link":"https:\/\/zjarr.tv\/en\/tahiri-prape-ne-prokurori-gjyqi-im-po-zgjatet-pertej-cdo-limiti\/","title":{"rendered":"Tahiri prap\u00eb n\u00eb Prokurori: Gjyqi im po zgjatet p\u00ebrtej \u00e7do limiti"},"content":{"rendered":"<p>Ish-ministri i Brendsh\u00ebm, Saimir Tahiri ka mb\u00ebrritur k\u00ebt\u00eb paradite ne Gjykat\u00ebn e Krimeve t\u00eb R\u00ebnda.<\/p>\n<p>Edhe p\u00ebr sot, seanca n\u00eb ngarkim t\u00eb tij \u00ebsht\u00eb shtyr\u00eb. Tahiri n\u00eb nj\u00eb prononcim p\u00ebr mediat tha se \u00e7\u00ebshtja duhet t\u00eb mbyllej m\u00eb shpejt.<\/p>\n<p><strong>\u201c<\/strong>Edhe shtyrja e sotme \u00ebsht\u00eb e tep\u00ebrt, \u00ebsht\u00eb para gushtit dhe gushti \u00ebsht\u00eb pushim, mua m\u00eb duket shum\u00eb e tep\u00ebrt. U shty p\u00ebr shtator kj histori, por ishin t\u00eb gjitha kushtet q\u00eb t\u00eb behej gjykim i pand\u00ebrprer\u00eb, si\u00e7 e k\u00ebrkon Kodi edhe si\u00e7 duhet me rastin. Ju nuk u lodh\u00ebt me k\u00ebt\u00eb histori. Po zgjatet p\u00ebrtej limitit t\u00eb vazhduesh\u00ebm\u201d, tha ai.<\/p>\n<p>&nbsp;<\/p>","protected":false},"excerpt":{"rendered":"<p>Ish-ministri i Brendsh\u00ebm, Saimir Tahiri ka mb\u00ebrritur k\u00ebt\u00eb paradite ne Gjykat\u00ebn e Krimeve t\u00eb R\u00ebnda. Edhe p\u00ebr sot, seanca n\u00eb ngarkim t\u00eb tij \u00ebsht\u00eb shtyr\u00eb. Tahiri n\u00eb nj\u00eb prononcim p\u00ebr mediat tha se \u00e7\u00ebshtja duhet t\u00eb mbyllej m\u00eb shpejt. \u201cEdhe shtyrja e sotme \u00ebsht\u00eb e tep\u00ebrt, \u00ebsht\u00eb para gushtit dhe gushti \u00ebsht\u00eb pushim, mua m\u00eb [&hellip;]<\/p>\n","protected":false},"author":2013,"featured_media":96729,"comment_status":"open","ping_status":"closed","sticky":false,"template":"","format":"standard","meta":{"footnotes":""},"categories":[241,235],"tags":[],"class_list":{"0":"post-97859","1":"post","2":"type-post","3":"status-publish","4":"format-standard","5":"has-post-thumbnail","7":"category-aktualitet","8":"category-vendi"},"_links":{"self":[{"href":"https:\/\/zjarr.tv\/en\/wp-json\/wp\/v2\/posts\/97859","targetHints":{"allow":["GET"]}}],"collection":[{"href":"https:\/\/zjarr.tv\/en\/wp-json\/wp\/v2\/posts"}],"about":[{"href":"https:\/\/zjarr.tv\/en\/wp-json\/wp\/v2\/types\/post"}],"author":[{"embeddable":true,"href":"https:\/\/zjarr.tv\/en\/wp-json\/wp\/v2\/users\/2013"}],"replies":[{"embeddable":true,"href":"https:\/\/zjarr.tv\/en\/wp-json\/wp\/v2\/comments?post=97859"}],"version-history":[{"count":0,"href":"https:\/\/zjarr.tv\/en\/wp-json\/wp\/v2\/posts\/97859\/revisions"}],"wp:featuredmedia":[{"embeddable":true,"href":"https:\/\/zjarr.tv\/en\/wp-json\/wp\/v2\/media\/96729"}],"wp:attachment":[{"href":"https:\/\/zjarr.tv\/en\/wp-json\/wp\/v2\/media?parent=97859"}],"wp:term":[{"taxonomy":"category","embeddable":true,"href":"https:\/\/zjarr.tv\/en\/wp-json\/wp\/v2\/categories?post=97859"},{"taxonomy":"post_tag","embeddable":true,"href":"https:\/\/zjarr.tv\/en\/wp-json\/wp\/v2\/tags?post=97859"}],"curies":[{"name":"wp","href":"https:\/\/api.w.org\/{rel}","templated":true}]}}