{"id":97861,"date":"2019-07-22T12:17:10","date_gmt":"2019-07-22T10:17:10","guid":{"rendered":"https:\/\/zjarr.tv\/?p=97861"},"modified":"2019-07-22T12:17:10","modified_gmt":"2019-07-22T10:17:10","slug":"reforma-ne-drejtesi-rama-armiqte-e-saj-e-tregojne-sa-rendesi-ka","status":"publish","type":"post","link":"https:\/\/zjarr.tv\/en\/reforma-ne-drejtesi-rama-armiqte-e-saj-e-tregojne-sa-rendesi-ka\/","title":{"rendered":"Reforma n\u00eb drejt\u00ebsi, Rama: Armiqt\u00eb e saj e tregojn\u00eb sa r\u00ebnd\u00ebsi ka"},"content":{"rendered":"<p>Kryeministri Edi Rama ka reaguar p\u00ebrmes nj\u00eb statusi n\u00eb facebook, lidhur me votimin 3 vite m\u00eb par\u00eb t\u00eb reform\u00ebs n\u00eb drejt\u00ebsi.<\/p>\n<p>\u201c3 vjet nga votimi i ndryshimeve kushtetuese p\u00ebr Reform\u00ebn n\u00eb Drejt\u00ebsi, mjafton t\u00eb shoh\u00ebsh e t\u00eb d\u00ebgjosh armiqt\u00eb e saj, p\u00ebr t\u00eb kuptuar se sa e drejt\u00eb dhe jetike \u00ebsht\u00eb ajo p\u00ebr Shqip\u00ebrin\u00eb Europiane\u2696\ufe0f #Krenarp\u00ebrPS\ud83c\udf39dhe mir\u00ebnjoh\u00ebs p\u00ebr miqt\u00eb e partner\u00ebt n\u00eb k\u00ebt\u00eb betej\u00eb p\u00ebr t\u00eb ardhmen\ud83c\udde6\ud83c\uddf1\ud83c\uddfa\ud83c\uddf8\ud83c\uddea\ud83c\uddfa\u201d<\/p>\n<p>&nbsp;<\/p>","protected":false},"excerpt":{"rendered":"<p>Kryeministri Edi Rama ka reaguar p\u00ebrmes nj\u00eb statusi n\u00eb facebook, lidhur me votimin 3 vite m\u00eb par\u00eb t\u00eb reform\u00ebs n\u00eb drejt\u00ebsi. \u201c3 vjet nga votimi i ndryshimeve kushtetuese p\u00ebr Reform\u00ebn n\u00eb Drejt\u00ebsi, mjafton t\u00eb shoh\u00ebsh e t\u00eb d\u00ebgjosh armiqt\u00eb e saj, p\u00ebr t\u00eb kuptuar se sa e drejt\u00eb dhe jetike \u00ebsht\u00eb ajo p\u00ebr Shqip\u00ebrin\u00eb Europiane\u2696\ufe0f [&hellip;]<\/p>\n","protected":false},"author":2013,"featured_media":0,"comment_status":"open","ping_status":"closed","sticky":false,"template":"","format":"standard","meta":{"footnotes":""},"categories":[241,235],"tags":[],"class_list":{"0":"post-97861","1":"post","2":"type-post","3":"status-publish","4":"format-standard","6":"category-aktualitet","7":"category-vendi"},"_links":{"self":[{"href":"https:\/\/zjarr.tv\/en\/wp-json\/wp\/v2\/posts\/97861","targetHints":{"allow":["GET"]}}],"collection":[{"href":"https:\/\/zjarr.tv\/en\/wp-json\/wp\/v2\/posts"}],"about":[{"href":"https:\/\/zjarr.tv\/en\/wp-json\/wp\/v2\/types\/post"}],"author":[{"embeddable":true,"href":"https:\/\/zjarr.tv\/en\/wp-json\/wp\/v2\/users\/2013"}],"replies":[{"embeddable":true,"href":"https:\/\/zjarr.tv\/en\/wp-json\/wp\/v2\/comments?post=97861"}],"version-history":[{"count":0,"href":"https:\/\/zjarr.tv\/en\/wp-json\/wp\/v2\/posts\/97861\/revisions"}],"wp:attachment":[{"href":"https:\/\/zjarr.tv\/en\/wp-json\/wp\/v2\/media?parent=97861"}],"wp:term":[{"taxonomy":"category","embeddable":true,"href":"https:\/\/zjarr.tv\/en\/wp-json\/wp\/v2\/categories?post=97861"},{"taxonomy":"post_tag","embeddable":true,"href":"https:\/\/zjarr.tv\/en\/wp-json\/wp\/v2\/tags?post=97861"}],"curies":[{"name":"wp","href":"https:\/\/api.w.org\/{rel}","templated":true}]}}