{"id":97865,"date":"2019-07-22T12:20:16","date_gmt":"2019-07-22T10:20:16","guid":{"rendered":"https:\/\/zjarr.tv\/?p=97865"},"modified":"2019-07-22T12:20:16","modified_gmt":"2019-07-22T10:20:16","slug":"nisi-me-burra-me-musteqe-e-ka-shkuar-me-burra-me-botox-ke-shigjeton-tahiri","status":"publish","type":"post","link":"https:\/\/zjarr.tv\/en\/nisi-me-burra-me-musteqe-e-ka-shkuar-me-burra-me-botox-ke-shigjeton-tahiri\/","title":{"rendered":"\u201cNisi me burra me musteqe e ka shkuar me burra me botox.\u201d K\u00eb shigjeton Tahiri"},"content":{"rendered":"<p>Ish ministri i brendsh\u00ebm, Saimiri Tahiri u shpreh n\u00eb p\u00ebrfundim t\u00eb procesit gjyq\u00ebsor te Krimet e R\u00ebnda, se procesi n\u00eb ngarkim t\u00eb tij, po zgjatet p\u00ebrtej cdo limiti.<\/p>\n<p>\u201cProkuroria nuk \u00ebsht\u00eb e gatshme ta b\u00ebj\u00eb k\u00ebt\u00eb n\u00eb momentin e par\u00eb q\u00eb i jepet mund\u00ebsia, me parimin ose t\u00eb d\u00ebnoj\u00eb nj\u00eb kriminel, ose t\u00eb ler\u00eb t\u00eb qet\u00eb nj\u00eb njeri t\u00eb pafajsh\u00ebm. Hera e kat\u00ebrt q\u00eb shtyhet p\u00ebr shkak se gushti \u00ebsht\u00eb pushim. Shtyhet kjo pun\u00eb k\u00ebshtu\u201d u shpreh Tahiri.<\/p>\n<p>Lidhur me provat e paraqitura deri m\u00eb tani, Tahiri tha se nuk ka asnj\u00eb ndryshim nga c\u2019\u00ebsht\u00eb dor\u00ebzuar m\u00eb par\u00eb n\u00eb Kuvend.<\/p>\n<p>\u201cUn\u00eb i kam par\u00eb letrat i keni par\u00eb edhe ju. Nuk ka asnj\u00eb g\u00ebrm\u00eb m\u00eb shum\u00eb se letrat e para q\u00eb jan\u00eb cuar n\u00eb parlament. Dy vjet humbje kohe. P\u00ebr m\u00eb shum\u00eb do i d\u00ebgjoni n\u00eb seanc\u00eb kur t\u00eb d\u00ebgjoni pretentimet e prokuroris\u00eb e t\u00eb miat. Shyqyr q\u00eb u gjet\u00ebn dokumentat . Merre me mend ca ndodh me njer\u00ebzit, kur un\u00eb e kam mund\u00ebsin\u00eb t\u00eb flas para jush, merre me mend se c\u2019ndodh me njer\u00ebzit. \u201c vijoi m\u00eb tej Tahiri, nd\u00ebrsa \u00e7uditi me p\u00ebrgjigjen e tij p\u00ebr gazetar\u00ebt, t\u00eb cil\u00ebt e pyet\u00ebn se \u00ebsht\u00eb thinjur gjat\u00eb k\u00ebtyre dy viteve t\u00eb procesit gjyq\u00ebsor.<\/p>\n<p>\u201cKjo histori ka nisur me burra me musteqe e ka shkuar me burra me botox\u201d tha Tahiri, por pa dashur t\u00eb zbuloj\u00eb m\u00eb shum\u00eb detaje.<\/p>","protected":false},"excerpt":{"rendered":"<p>Ish ministri i brendsh\u00ebm, Saimiri Tahiri u shpreh n\u00eb p\u00ebrfundim t\u00eb procesit gjyq\u00ebsor te Krimet e R\u00ebnda, se procesi n\u00eb ngarkim t\u00eb tij, po zgjatet p\u00ebrtej cdo limiti. \u201cProkuroria nuk \u00ebsht\u00eb e gatshme ta b\u00ebj\u00eb k\u00ebt\u00eb n\u00eb momentin e par\u00eb q\u00eb i jepet mund\u00ebsia, me parimin ose t\u00eb d\u00ebnoj\u00eb nj\u00eb kriminel, ose t\u00eb ler\u00eb t\u00eb [&hellip;]<\/p>\n","protected":false},"author":2013,"featured_media":65566,"comment_status":"open","ping_status":"closed","sticky":false,"template":"","format":"standard","meta":{"footnotes":""},"categories":[241,235],"tags":[],"class_list":{"0":"post-97865","1":"post","2":"type-post","3":"status-publish","4":"format-standard","5":"has-post-thumbnail","7":"category-aktualitet","8":"category-vendi"},"_links":{"self":[{"href":"https:\/\/zjarr.tv\/en\/wp-json\/wp\/v2\/posts\/97865","targetHints":{"allow":["GET"]}}],"collection":[{"href":"https:\/\/zjarr.tv\/en\/wp-json\/wp\/v2\/posts"}],"about":[{"href":"https:\/\/zjarr.tv\/en\/wp-json\/wp\/v2\/types\/post"}],"author":[{"embeddable":true,"href":"https:\/\/zjarr.tv\/en\/wp-json\/wp\/v2\/users\/2013"}],"replies":[{"embeddable":true,"href":"https:\/\/zjarr.tv\/en\/wp-json\/wp\/v2\/comments?post=97865"}],"version-history":[{"count":0,"href":"https:\/\/zjarr.tv\/en\/wp-json\/wp\/v2\/posts\/97865\/revisions"}],"wp:featuredmedia":[{"embeddable":true,"href":"https:\/\/zjarr.tv\/en\/wp-json\/wp\/v2\/media\/65566"}],"wp:attachment":[{"href":"https:\/\/zjarr.tv\/en\/wp-json\/wp\/v2\/media?parent=97865"}],"wp:term":[{"taxonomy":"category","embeddable":true,"href":"https:\/\/zjarr.tv\/en\/wp-json\/wp\/v2\/categories?post=97865"},{"taxonomy":"post_tag","embeddable":true,"href":"https:\/\/zjarr.tv\/en\/wp-json\/wp\/v2\/tags?post=97865"}],"curies":[{"name":"wp","href":"https:\/\/api.w.org\/{rel}","templated":true}]}}