{"id":97867,"date":"2019-07-22T13:40:17","date_gmt":"2019-07-22T11:40:17","guid":{"rendered":"https:\/\/zjarr.tv\/?p=97867"},"modified":"2019-07-22T13:40:17","modified_gmt":"2019-07-22T11:40:17","slug":"zbardhet-denoncimi-ne-gjykaten-kushtetuese-per-deligjimitetin-e-zgjedhjeve-te-30-qershorit","status":"publish","type":"post","link":"https:\/\/zjarr.tv\/en\/zbardhet-denoncimi-ne-gjykaten-kushtetuese-per-deligjimitetin-e-zgjedhjeve-te-30-qershorit\/","title":{"rendered":"Zbardhet denoncimi n\u00eb Gjykat\u00ebn Kushtetuese, p\u00ebr deligjimitetin e zgjedhjeve t\u00eb 30 qershorit"},"content":{"rendered":"<p>Voltana Ademi ka publikuar sot t\u00eb plot\u00eb, k\u00ebrkes\u00ebn q\u00eb i ka d\u00ebrguar Gjykat\u00ebs Kushtetuese, Shoqata e Bashkive t\u00eb Shqip\u00ebris\u00eb, n\u00eb lidhje me deligjimitetin e zgjedhjeve lokale t\u00eb 30 qershorit.<\/p>\n<p>\u201cSi kryetare e Shoqat\u00ebs s\u00eb Bashkive t\u00eb Shqip\u00ebris\u00eb, me 17 korrik 2019, kam depozituar n\u00eb Gjykat\u00ebn Kushtetuese nj\u00eb k\u00ebrkes\u00eb lidhur me procesin e 30 qershorit.<\/p>\n<p>Konkretisht, Shoqata e Bashkive t\u00eb Shqip\u00ebris\u00eb ka k\u00ebrkuar:<\/p>\n<ol>\n<li>Konstatimin antikueshtetues t\u00eb zgjedhshm\u00ebris\u00eb\/ procesit zgjedhor t\u00eb zhvilluar me 30 qershor 2019 p\u00ebr zgjedhjen e organeve t\u00eb qeverisjes vendore, t\u00eb kryetar\u00ebve t\u00eb bashkive dhe antar\u00ebve t\u00eb k\u00ebshillave bashkiak\u00eb dhe si rrjedhoj\u00eb, konstatimin antikueshtetues t\u00eb zgjedhjes s\u00eb antar\u00ebve t\u00eb k\u00ebtyre organeve;<\/li>\n<li>Verifikimin e kushtetutshm\u00ebris\u00eb s\u00eb veprimtaris\u00eb s\u00eb partis\u00eb Bindja Demokratike n\u00eb lidhje me regjistrimin e saj n\u00eb gjykat\u00eb dhe zgjedhjet e dat\u00ebs 30 qershor 2019 n\u00eb p\u00ebrputhje me g\u00ebrm\u00ebn d t\u00eb nenit 131 t\u00eb Kushtetut\u00ebs s\u00eb Republik\u00ebs s\u00eb Shqip\u00ebris\u00eb.<\/li>\n<\/ol>\n<p>Ne e dim\u00eb se sot Gjykata Kushtetuese \u00ebsht\u00eb jofunksionale, por duke besuar tek drejt\u00ebsia dhe duke marr\u00eb parasysh edhe sugjerimet e faktorit nd\u00ebrkomb\u00ebtar, ne jemi t\u00eb vendosur t\u00eb vazhdojm\u00eb reagimin ton\u00eb institucional p\u00ebrmes rrug\u00ebve kushtetuese dhe ligjore.<\/p>\n<p>M\u00eb posht\u00eb gjeni t\u00eb plot\u00eb kerkes\u00ebn drejtuar Gjykat\u00ebs Kushtetuese nga Shoqata e Bashkive t\u00eb Shqip\u00ebris\u00eb\u201d, shkruan Ademi nd\u00ebrkoh\u00eb q\u00eb e shoq\u00ebron k\u00ebt\u00eb prononcim me gjith\u00eb letr\u00ebn e gjat\u00eb t\u00eb argumentave p\u00ebr Gjykat\u00ebn Kushtetuese.<\/p>\n<p>&nbsp;<\/p>","protected":false},"excerpt":{"rendered":"<p>Voltana Ademi ka publikuar sot t\u00eb plot\u00eb, k\u00ebrkes\u00ebn q\u00eb i ka d\u00ebrguar Gjykat\u00ebs Kushtetuese, Shoqata e Bashkive t\u00eb Shqip\u00ebris\u00eb, n\u00eb lidhje me deligjimitetin e zgjedhjeve lokale t\u00eb 30 qershorit. \u201cSi kryetare e Shoqat\u00ebs s\u00eb Bashkive t\u00eb Shqip\u00ebris\u00eb, me 17 korrik 2019, kam depozituar n\u00eb Gjykat\u00ebn Kushtetuese nj\u00eb k\u00ebrkes\u00eb lidhur me procesin e 30 qershorit. Konkretisht, [&hellip;]<\/p>\n","protected":false},"author":2013,"featured_media":93358,"comment_status":"open","ping_status":"closed","sticky":false,"template":"","format":"standard","meta":{"footnotes":""},"categories":[241,235],"tags":[],"class_list":{"0":"post-97867","1":"post","2":"type-post","3":"status-publish","4":"format-standard","5":"has-post-thumbnail","7":"category-aktualitet","8":"category-vendi"},"_links":{"self":[{"href":"https:\/\/zjarr.tv\/en\/wp-json\/wp\/v2\/posts\/97867","targetHints":{"allow":["GET"]}}],"collection":[{"href":"https:\/\/zjarr.tv\/en\/wp-json\/wp\/v2\/posts"}],"about":[{"href":"https:\/\/zjarr.tv\/en\/wp-json\/wp\/v2\/types\/post"}],"author":[{"embeddable":true,"href":"https:\/\/zjarr.tv\/en\/wp-json\/wp\/v2\/users\/2013"}],"replies":[{"embeddable":true,"href":"https:\/\/zjarr.tv\/en\/wp-json\/wp\/v2\/comments?post=97867"}],"version-history":[{"count":0,"href":"https:\/\/zjarr.tv\/en\/wp-json\/wp\/v2\/posts\/97867\/revisions"}],"wp:featuredmedia":[{"embeddable":true,"href":"https:\/\/zjarr.tv\/en\/wp-json\/wp\/v2\/media\/93358"}],"wp:attachment":[{"href":"https:\/\/zjarr.tv\/en\/wp-json\/wp\/v2\/media?parent=97867"}],"wp:term":[{"taxonomy":"category","embeddable":true,"href":"https:\/\/zjarr.tv\/en\/wp-json\/wp\/v2\/categories?post=97867"},{"taxonomy":"post_tag","embeddable":true,"href":"https:\/\/zjarr.tv\/en\/wp-json\/wp\/v2\/tags?post=97867"}],"curies":[{"name":"wp","href":"https:\/\/api.w.org\/{rel}","templated":true}]}}